{"id":838,"date":"2023-02-01T12:13:24","date_gmt":"2023-02-01T12:13:24","guid":{"rendered":"http:\/\/intezet.josz.org\/?p=838"},"modified":"2023-02-01T12:13:26","modified_gmt":"2023-02-01T12:13:26","slug":"magyarorszag-2023-mi-var-hazankra-az-idei-evben-2","status":"publish","type":"post","link":"https:\/\/intezet.josz.org\/index.php\/2023\/02\/01\/magyarorszag-2023-mi-var-hazankra-az-idei-evben-2\/","title":{"rendered":"Magyarorsz\u00e1g 2023 \u2013 Mi v\u00e1r haz\u00e1nkra az idei \u00e9vben?"},"content":{"rendered":"\n<p>2023. janu\u00e1r 30. napj\u00e1n ker\u00fclt megrendez\u00e9sre Magyarorsz\u00e1g 2023 &#8211; Mi v\u00e1r haz\u00e1nkra az idei \u00e9vben<a href=\"https:\/\/www.facebook.com\/events\/5618249451637255\/?__cft__[0]=AZWZeUwaPbDVh9tPBN3BX1TTySYQ31SJwBa1mg6Q6zcwxUQrBSkpxS6etU8-VY7p9Q1Lz4mmNxR16nq8NQE9CY5Tbsw7QXRjeYuQ5IyN1a8bei6ZpNYxYwL6hhwgGJMk-4SQVOn_izsfdtHdyXIWjeLv-TNSzhV33CoeVUDxDHt6x-jvBsp3jTRHnnbZGYzmK3U&amp;__tn__=-UK-R\"> <\/a>c\u00edm\u0171 k\u00f6z\u00e9leti besz\u00e9lget\u00e9s\u00fcnk melyen Mr\u00e1z \u00c1goston S\u00e1muel, politol\u00f3gussal, a N\u00e9z\u0151pont Int\u00e9zet igazgat\u00f3j\u00e1val \u00e9s Pog\u00e1tsa Zolt\u00e1n, k\u00f6zgazd\u00e1sz, szociol\u00f3gussal besz\u00e9lgett\u00fcnk arr\u00f3l, hogy milyen belpolitikai, gazdas\u00e1gi \u00e9s nemzetk\u00f6zi kih\u00edv\u00e1sokkal n\u00e9z szembe Magyarorsz\u00e1g az idei \u00e9vben.<\/p>\n\n\n\n<p>K\u00f6sz\u00f6nj\u00fck sz\u00e9pen, hogy ell\u00e1togattatok besz\u00e9lget\u00e9s\u00fcnkre \u00e9s, hogy egy telth\u00e1zas rendezv\u00e9nnyel ind\u00edthattunk az idei \u00e9vet!<\/p>\n\n\n\n<div class=\"wp-block-image\"><figure class=\"aligncenter size-large\"><img loading=\"lazy\" width=\"1024\" height=\"1024\" src=\"http:\/\/intezet.josz.org\/wp-content\/uploads\/2023\/02\/Copy-of-Copy-of-Copy-of-Untitled-Design-1024x1024.png\" alt=\"\" class=\"wp-image-839\" srcset=\"https:\/\/intezet.josz.org\/wp-content\/uploads\/2023\/02\/Copy-of-Copy-of-Copy-of-Untitled-Design-1024x1024.png 1024w, https:\/\/intezet.josz.org\/wp-content\/uploads\/2023\/02\/Copy-of-Copy-of-Copy-of-Untitled-Design-300x300.png 300w, https:\/\/intezet.josz.org\/wp-content\/uploads\/2023\/02\/Copy-of-Copy-of-Copy-of-Untitled-Design-150x150.png 150w, https:\/\/intezet.josz.org\/wp-content\/uploads\/2023\/02\/Copy-of-Copy-of-Copy-of-Untitled-Design-768x768.png 768w, https:\/\/intezet.josz.org\/wp-content\/uploads\/2023\/02\/Copy-of-Copy-of-Copy-of-Untitled-Design.png 1080w\" sizes=\"(max-width: 1024px) 100vw, 1024px\" \/><\/figure><\/div>\n","protected":false},"excerpt":{"rendered":"<p>2023. janu\u00e1r 30. napj\u00e1n ker\u00fclt megrendez\u00e9sre Magyarorsz\u00e1g 2023 &#8211; Mi v\u00e1r haz\u00e1nkra az idei \u00e9vben c\u00edm\u0171 k\u00f6z\u00e9leti besz\u00e9lget\u00e9s\u00fcnk melyen Mr\u00e1z \u00c1goston S\u00e1muel, politol\u00f3gussal, a N\u00e9z\u0151pont Int\u00e9zet igazgat\u00f3j\u00e1val \u00e9s Pog\u00e1tsa Zolt\u00e1n, k\u00f6zgazd\u00e1sz, szociol\u00f3gussal besz\u00e9lgett\u00fcnk arr\u00f3l, hogy milyen belpolitikai, gazdas\u00e1gi \u00e9s nemzetk\u00f6zi kih\u00edv\u00e1sokkal n\u00e9z szembe Magyarorsz\u00e1g az idei \u00e9vben. K\u00f6sz\u00f6nj\u00fck sz\u00e9pen, hogy ell\u00e1togattatok besz\u00e9lget\u00e9s\u00fcnkre \u00e9s, hogy egy telth\u00e1zas rendezv\u00e9nnyel ind\u00edthattunk az idei [&hellip;]<\/p>\n","protected":false},"author":2,"featured_media":841,"comment_status":"closed","ping_status":"open","sticky":false,"template":"","format":"standard","meta":{"_monsterinsights_skip_tracking":false,"_monsterinsights_sitenote_active":false,"_monsterinsights_sitenote_note":"","_monsterinsights_sitenote_category":0},"categories":[5],"tags":[],"_links":{"self":[{"href":"https:\/\/intezet.josz.org\/index.php\/wp-json\/wp\/v2\/posts\/838"}],"collection":[{"href":"https:\/\/intezet.josz.org\/index.php\/wp-json\/wp\/v2\/posts"}],"about":[{"href":"https:\/\/intezet.josz.org\/index.php\/wp-json\/wp\/v2\/types\/post"}],"author":[{"embeddable":true,"href":"https:\/\/intezet.josz.org\/index.php\/wp-json\/wp\/v2\/users\/2"}],"replies":[{"embeddable":true,"href":"https:\/\/intezet.josz.org\/index.php\/wp-json\/wp\/v2\/comments?post=838"}],"version-history":[{"count":1,"href":"https:\/\/intezet.josz.org\/index.php\/wp-json\/wp\/v2\/posts\/838\/revisions"}],"predecessor-version":[{"id":842,"href":"https:\/\/intezet.josz.org\/index.php\/wp-json\/wp\/v2\/posts\/838\/revisions\/842"}],"wp:featuredmedia":[{"embeddable":true,"href":"https:\/\/intezet.josz.org\/index.php\/wp-json\/wp\/v2\/media\/841"}],"wp:attachment":[{"href":"https:\/\/intezet.josz.org\/index.php\/wp-json\/wp\/v2\/media?parent=838"}],"wp:term":[{"taxonomy":"category","embeddable":true,"href":"https:\/\/intezet.josz.org\/index.php\/wp-json\/wp\/v2\/categories?post=838"},{"taxonomy":"post_tag","embeddable":true,"href":"https:\/\/intezet.josz.org\/index.php\/wp-json\/wp\/v2\/tags?post=838"}],"curies":[{"name":"wp","href":"https:\/\/api.w.org\/{rel}","templated":true}]}}