{"id":837,"date":"2023-02-01T12:14:59","date_gmt":"2023-02-01T12:14:59","guid":{"rendered":"http:\/\/intezet.josz.org\/?p=837"},"modified":"2023-02-01T12:32:28","modified_gmt":"2023-02-01T12:32:28","slug":"hogyan-lettem-ujsagiro-beszelgetes-dull-szabolccsal","status":"publish","type":"post","link":"https:\/\/intezet.josz.org\/index.php\/2023\/02\/01\/hogyan-lettem-ujsagiro-beszelgetes-dull-szabolccsal\/","title":{"rendered":"Hogyan lettem \u00fajs\u00e1g\u00edr\u00f3? &#8211; Besz\u00e9lget\u00e9s Dull Szabolccsal"},"content":{"rendered":"\n<p>A J\u00d6Sz Int\u00e9zet \u00e9s a H\u00e1rom Szerb K\u00e1v\u00e9h\u00e1z az idei \u00e9vben besz\u00e9lget\u00e9ssorozatot ind\u00edt olyan jog\u00e1szokkal, akik a klasszikus jog\u00e1szi hivat\u00e1srendeken k\u00edv\u00fcl tal\u00e1lt\u00e1k meg hivat\u00e1sukat. Besz\u00e9lget\u00e9ssorozatunk els\u0151 alkalm\u00e1n Dull Szabolccsal, a Telex f\u0151szerkeszt\u0151j\u00e9vel besz\u00e9lget\u00fcnk majd karrierj\u00e9r\u0151l, jogi egyetemi tanulm\u00e1nyair\u00f3l \u00e9s arr\u00f3l, hogy mik\u00e9nt tal\u00e1lt r\u00e1 az \u00fajs\u00e1g\u00edr\u00e1s, mik\u00e9nt lett ez a hivat\u00e1s a szenved\u00e9lye.&nbsp;<\/p>\n\n\n\n<p>Mi\u00e9rt hasznos \u00e9s mik\u00e9nt haszn\u00e1lhat\u00f3 a jogi tud\u00e1s az \u00fajs\u00e1g\u00edr\u00e1s vil\u00e1g\u00e1ban? Hogyan v\u00e1lhat valaki \u00fajs\u00e1g\u00edr\u00f3v\u00e1? Milyen k\u00e9pess\u00e9gek kellenek ahhoz, hogy valaki meg\u00e1llja hely\u00e9t f\u0151szerkeszt\u0151k\u00e9nt egy online h\u00edrport\u00e1l \u00e9l\u00e9n?<\/p>\n\n\n\n<p>Ilyen \u00e9s ehhez hasonl\u00f3 k\u00e9rd\u00e9sekre kaphattok v\u00e1laszt besz\u00e9lget\u00e9s\u00fcnk\u00f6n.<\/p>\n\n\n\n<p>Kezd\u00e9s: 2023. m\u00e1rcius 1. (szerda) 18 \u00f3ra 15 perc<br><\/p>\n\n\n\n<p>Helysz\u00edn: H\u00e1rom Szerb K\u00e1v\u00e9h\u00e1z (1056, Budapest, Szerb utca 3.)<\/p>\n\n\n\n<p>A besz\u00e9lget\u00e9s moder\u00e1tora: Dr. Koll\u00e1th Mih\u00e1ly G\u00e1bor, a J\u00d6Sz Int\u00e9zet f\u0151igazgat\u00f3ja<\/p>\n\n\n\n<p>Szeretettel v\u00e1runk minden kedves \u00e9rdekl\u0151d\u0151t!<\/p>\n\n\n\n<p><strong><a href=\"https:\/\/www.facebook.com\/events\/3288376771474953?ref=newsfeed\">A rendezv\u00e9ny Facebook esem\u00e9nye ide kattintva \u00e9rhet\u0151 el.<\/a><\/strong><\/p>\n\n\n\n<p>&#8212;<\/p>\n\n\n\n<p>A szervez\u0151k a programv\u00e1ltoztat\u00e1s jog\u00e1t fenntartj\u00e1k! A helysz\u00edn befogad\u00f3k\u00e9pess\u00e9g\u00e9re tekintettel a szervez\u0151k fenntartj\u00e1k a jogot, hogy regisztr\u00e1ci\u00f3t vezessenek be.<\/p>\n","protected":false},"excerpt":{"rendered":"<p>A J\u00d6Sz Int\u00e9zet \u00e9s a H\u00e1rom Szerb K\u00e1v\u00e9h\u00e1z az idei \u00e9vben besz\u00e9lget\u00e9ssorozatot ind\u00edt olyan jog\u00e1szokkal, akik a klasszikus jog\u00e1szi hivat\u00e1srendeken k\u00edv\u00fcl tal\u00e1lt\u00e1k meg hivat\u00e1sukat. Besz\u00e9lget\u00e9ssorozatunk els\u0151 alkalm\u00e1n Dull Szabolccsal, a Telex f\u0151szerkeszt\u0151j\u00e9vel besz\u00e9lget\u00fcnk majd karrierj\u00e9r\u0151l, jogi egyetemi tanulm\u00e1nyair\u00f3l \u00e9s arr\u00f3l, hogy mik\u00e9nt tal\u00e1lt r\u00e1 az \u00fajs\u00e1g\u00edr\u00e1s, mik\u00e9nt lett ez a hivat\u00e1s a szenved\u00e9lye.&nbsp; Mi\u00e9rt hasznos \u00e9s mik\u00e9nt haszn\u00e1lhat\u00f3 a jogi [&hellip;]<\/p>\n","protected":false},"author":2,"featured_media":848,"comment_status":"closed","ping_status":"open","sticky":false,"template":"","format":"standard","meta":{"_monsterinsights_skip_tracking":false,"_monsterinsights_sitenote_active":false,"_monsterinsights_sitenote_note":"","_monsterinsights_sitenote_category":0},"categories":[5],"tags":[],"_links":{"self":[{"href":"https:\/\/intezet.josz.org\/index.php\/wp-json\/wp\/v2\/posts\/837"}],"collection":[{"href":"https:\/\/intezet.josz.org\/index.php\/wp-json\/wp\/v2\/posts"}],"about":[{"href":"https:\/\/intezet.josz.org\/index.php\/wp-json\/wp\/v2\/types\/post"}],"author":[{"embeddable":true,"href":"https:\/\/intezet.josz.org\/index.php\/wp-json\/wp\/v2\/users\/2"}],"replies":[{"embeddable":true,"href":"https:\/\/intezet.josz.org\/index.php\/wp-json\/wp\/v2\/comments?post=837"}],"version-history":[{"count":4,"href":"https:\/\/intezet.josz.org\/index.php\/wp-json\/wp\/v2\/posts\/837\/revisions"}],"predecessor-version":[{"id":849,"href":"https:\/\/intezet.josz.org\/index.php\/wp-json\/wp\/v2\/posts\/837\/revisions\/849"}],"wp:featuredmedia":[{"embeddable":true,"href":"https:\/\/intezet.josz.org\/index.php\/wp-json\/wp\/v2\/media\/848"}],"wp:attachment":[{"href":"https:\/\/intezet.josz.org\/index.php\/wp-json\/wp\/v2\/media?parent=837"}],"wp:term":[{"taxonomy":"category","embeddable":true,"href":"https:\/\/intezet.josz.org\/index.php\/wp-json\/wp\/v2\/categories?post=837"},{"taxonomy":"post_tag","embeddable":true,"href":"https:\/\/intezet.josz.org\/index.php\/wp-json\/wp\/v2\/tags?post=837"}],"curies":[{"name":"wp","href":"https:\/\/api.w.org\/{rel}","templated":true}]}}