{"id":533,"date":"2022-04-12T06:04:27","date_gmt":"2022-04-12T06:04:27","guid":{"rendered":"http:\/\/intezet.josz.org\/?p=533"},"modified":"2022-04-12T09:27:41","modified_gmt":"2022-04-12T09:27:41","slug":"dontesi-lista-szladits-karoly-osztondij","status":"publish","type":"post","link":"https:\/\/intezet.josz.org\/index.php\/2022\/04\/12\/dontesi-lista-szladits-karoly-osztondij\/","title":{"rendered":"D\u00f6nt\u00e9si lista &#8211; Szladits K\u00e1roly \u00d6szt\u00f6nd\u00edj"},"content":{"rendered":"\n<p>A J\u00d6Sz Int\u00e9zet tudom\u00e1nyos p\u00e1ly\u00e1zatot hirdetett Szladits K\u00e1roly \u00d6szt\u00f6nd\u00edj c\u00edmmel a hazai \u00e9s hat\u00e1ron t\u00fali hallgat\u00f3k kutat\u00e1si tev\u00e9kenys\u00e9g\u00e9nek t\u00e1mogat\u00e1s\u00e1ra.<\/p>\n\n\n\n<p><\/p>\n\n\n\n<p><strong>A b\u00edr\u00e1l\u00f3 bizotts\u00e1g d\u00f6nt\u00e9se alapj\u00e1n az al\u00e1bbi p\u00e1ly\u00e1zatok nyertek t\u00e1mogat\u00e1st:<\/strong><\/p>\n\n\n\n<ul><li><strong>dr. K\u00f3sa Dorottya:<\/strong> A szerz\u0151d\u00e9si szabads\u00e1g elm\u00e9leti modellje \u00e9s annak gyakorlati megval\u00f3sul\u00e1sa, k\u00fcl\u00f6n\u00f6s tekintettel az \u00e1ltal\u00e1nos szerz\u0151d\u00e9si felt\u00e9telekkel val\u00f3 szerz\u0151d\u00e9sk\u00f6t\u00e9sre.<\/li><li><strong>dr. Stipkovits Tam\u00e1s Istv\u00e1n:<\/strong> A jogi szab\u00e1lyoz\u00e1s szerepe \u00e9s jelent\u0151s\u00e9ge a start-up, spin-off \u00e9s kkv. v\u00e1llalkoz\u00e1sok t\u00fckr\u00e9ben<\/li><li><strong>dr. T\u00f6r\u00f6k-T\u00f3th Soma:<\/strong> Az \u00f6kol\u00f3giai gondolkod\u00e1s lehets\u00e9ges hat\u00e1sai a mag\u00e1njog alapint\u00e9zm\u00e9nyeire<\/li><li><strong>Bajn\u00f3czi Andr\u00e1s P\u00e9ter:<\/strong> A fizet\u00e9sk\u00e9ptelen vagy fizet\u00e9sk\u00e9ptelens\u00e9ggel fenyeget\u0151 helyzetbe ker\u00fclt v\u00e1llalkoz\u00e1sok szerkezet\u00e1talak\u00edt\u00e1s\u00e1ra (restrukt\u00far\u00e1l\u00e1s\u00e1ra) ir\u00e1nyul\u00f3 elj\u00e1r\u00e1s Magyarorsz\u00e1gon, az Eur\u00f3pai Uni\u00f3 ir\u00e1nyelve \u00e9s m\u00e1s orsz\u00e1gok hasonl\u00f3 elj\u00e1r\u00e1sainak t\u00fckr\u00e9ben<\/li><li><strong>Giovannini M\u00e1t\u00e9:<\/strong> A megb\u00edz\u00e1s n\u00e9lk\u00fcli \u00fcgyviv\u0151 felel\u0151ss\u00e9g\u00e9nek szab\u00e1lyoz\u00e1sa a Polg\u00e1ri T\u00f6rv\u00e9nyk\u00f6nyvben<\/li><li><strong>Fr\u00e9sz L\u0151rinc Imre:<\/strong> A non-fungible tokens (NFT) szerz\u0151i jogi k\u00e9rd\u00e9sei, egy\u00e9b mag\u00e1njogi vet\u00fcletei<\/li><li><strong>B\u00edr\u00f3 Vivien Enik\u0151:<\/strong> \u00daton a moderniz\u00e1ci\u00f3 fel\u00e9: A favor testamenti elv \u00e9rv\u00e9nyes\u00fcl\u00e9se az elektronikus v\u00e9grendelkez\u00e9s t\u00fckr\u00e9ben<\/li><\/ul>\n\n\n\n<p><\/p>\n\n\n\n<p>Gratul\u00e1lunk a sikeres p\u00e1ly\u00e1zatokhoz \u00e9s sok sikert k\u00edv\u00e1nunk a kutat\u00e1shoz! <\/p>\n","protected":false},"excerpt":{"rendered":"<p>A J\u00d6Sz Int\u00e9zet tudom\u00e1nyos p\u00e1ly\u00e1zatot hirdetett Szladits K\u00e1roly \u00d6szt\u00f6nd\u00edj c\u00edmmel a hazai \u00e9s hat\u00e1ron t\u00fali hallgat\u00f3k kutat\u00e1si tev\u00e9kenys\u00e9g\u00e9nek t\u00e1mogat\u00e1s\u00e1ra. A b\u00edr\u00e1l\u00f3 bizotts\u00e1g d\u00f6nt\u00e9se alapj\u00e1n az al\u00e1bbi p\u00e1ly\u00e1zatok nyertek t\u00e1mogat\u00e1st: dr. K\u00f3sa Dorottya: A szerz\u0151d\u00e9si szabads\u00e1g elm\u00e9leti modellje \u00e9s annak gyakorlati megval\u00f3sul\u00e1sa, k\u00fcl\u00f6n\u00f6s tekintettel az \u00e1ltal\u00e1nos szerz\u0151d\u00e9si felt\u00e9telekkel val\u00f3 szerz\u0151d\u00e9sk\u00f6t\u00e9sre. dr. Stipkovits Tam\u00e1s Istv\u00e1n: A jogi szab\u00e1lyoz\u00e1s szerepe \u00e9s jelent\u0151s\u00e9ge a [&hellip;]<\/p>\n","protected":false},"author":2,"featured_media":542,"comment_status":"closed","ping_status":"open","sticky":false,"template":"","format":"standard","meta":{"_monsterinsights_skip_tracking":false,"_monsterinsights_sitenote_active":false,"_monsterinsights_sitenote_note":"","_monsterinsights_sitenote_category":0},"categories":[8],"tags":[],"_links":{"self":[{"href":"https:\/\/intezet.josz.org\/index.php\/wp-json\/wp\/v2\/posts\/533"}],"collection":[{"href":"https:\/\/intezet.josz.org\/index.php\/wp-json\/wp\/v2\/posts"}],"about":[{"href":"https:\/\/intezet.josz.org\/index.php\/wp-json\/wp\/v2\/types\/post"}],"author":[{"embeddable":true,"href":"https:\/\/intezet.josz.org\/index.php\/wp-json\/wp\/v2\/users\/2"}],"replies":[{"embeddable":true,"href":"https:\/\/intezet.josz.org\/index.php\/wp-json\/wp\/v2\/comments?post=533"}],"version-history":[{"count":4,"href":"https:\/\/intezet.josz.org\/index.php\/wp-json\/wp\/v2\/posts\/533\/revisions"}],"predecessor-version":[{"id":543,"href":"https:\/\/intezet.josz.org\/index.php\/wp-json\/wp\/v2\/posts\/533\/revisions\/543"}],"wp:featuredmedia":[{"embeddable":true,"href":"https:\/\/intezet.josz.org\/index.php\/wp-json\/wp\/v2\/media\/542"}],"wp:attachment":[{"href":"https:\/\/intezet.josz.org\/index.php\/wp-json\/wp\/v2\/media?parent=533"}],"wp:term":[{"taxonomy":"category","embeddable":true,"href":"https:\/\/intezet.josz.org\/index.php\/wp-json\/wp\/v2\/categories?post=533"},{"taxonomy":"post_tag","embeddable":true,"href":"https:\/\/intezet.josz.org\/index.php\/wp-json\/wp\/v2\/tags?post=533"}],"curies":[{"name":"wp","href":"https:\/\/api.w.org\/{rel}","templated":true}]}}