{"id":380,"date":"2021-11-21T18:50:01","date_gmt":"2021-11-21T18:50:01","guid":{"rendered":"http:\/\/intezet.josz.org\/?p=380"},"modified":"2021-11-21T18:50:01","modified_gmt":"2021-11-21T18:50:01","slug":"meghosszabbitott-palyazati-hatarido-szladits-karoly-osztondij","status":"publish","type":"post","link":"https:\/\/intezet.josz.org\/index.php\/2021\/11\/21\/meghosszabbitott-palyazati-hatarido-szladits-karoly-osztondij\/","title":{"rendered":"Meghosszabb\u00edtott p\u00e1ly\u00e1zati hat\u00e1rid\u0151 &#8211; Szladits K\u00e1roly \u00d6szt\u00f6nd\u00edj"},"content":{"rendered":"\n<p>A J\u00d6Sz Int\u00e9zet a nagy \u00e9rdekl\u0151d\u00e9sre tekintettel \u00fagy d\u00f6nt\u00f6tt, hogy a <a href=\"http:\/\/intezet.josz.org\/index.php\/2021\/10\/18\/szladits-karoly-osztondij-joghallgatoknak\/\">Szladits K\u00e1roly \u00d6szt\u00f6nd\u00edj Joghallgat\u00f3knak<\/a> \u00e9s a <a href=\"http:\/\/intezet.josz.org\/index.php\/2021\/10\/18\/szladits-karoly-osztondij-doktoranduszoknak\/\">Szladits K\u00e1roly \u00d6szt\u00f6nd\u00edj Doktoranduszoknak<\/a> p\u00e1ly\u00e1zat\u00e1nak bead\u00e1si hat\u00e1ridej\u00e9t <strong>2021. november h\u00f3nap 24. napj\u00e1ig, 23 \u00f3ra 59 percig meghosszabb\u00edtja! <\/strong><\/p>\n\n\n\n<p>A meghosszabb\u00edtott hat\u00e1rid\u0151re tekintettel a kor\u00e1bbi p\u00e1ly\u00e1zatok beny\u00fajt\u00f3it megkeress\u00fck \u00e9s lehet\u0151s\u00e9get biztos\u00edtunk sz\u00e1mukra, hogy tov\u00e1bbi dokumentumokat csatoljanak p\u00e1ly\u00e1zatukhoz.<\/p>\n\n\n\n<p>Sikeres p\u00e1ly\u00e1z\u00e1st k\u00edv\u00e1nunk! <\/p>\n","protected":false},"excerpt":{"rendered":"<p>A J\u00d6Sz Int\u00e9zet a nagy \u00e9rdekl\u0151d\u00e9sre tekintettel \u00fagy d\u00f6nt\u00f6tt, hogy a Szladits K\u00e1roly \u00d6szt\u00f6nd\u00edj Joghallgat\u00f3knak \u00e9s a Szladits K\u00e1roly \u00d6szt\u00f6nd\u00edj Doktoranduszoknak p\u00e1ly\u00e1zat\u00e1nak bead\u00e1si hat\u00e1ridej\u00e9t 2021. november h\u00f3nap 24. napj\u00e1ig, 23 \u00f3ra 59 percig meghosszabb\u00edtja! A meghosszabb\u00edtott hat\u00e1rid\u0151re tekintettel a kor\u00e1bbi p\u00e1ly\u00e1zatok beny\u00fajt\u00f3it megkeress\u00fck \u00e9s lehet\u0151s\u00e9get biztos\u00edtunk sz\u00e1mukra, hogy tov\u00e1bbi dokumentumokat csatoljanak p\u00e1ly\u00e1zatukhoz. Sikeres p\u00e1ly\u00e1z\u00e1st k\u00edv\u00e1nunk!<\/p>\n","protected":false},"author":2,"featured_media":213,"comment_status":"closed","ping_status":"open","sticky":false,"template":"","format":"standard","meta":{"_monsterinsights_skip_tracking":false,"_monsterinsights_sitenote_active":false,"_monsterinsights_sitenote_note":"","_monsterinsights_sitenote_category":0},"categories":[8],"tags":[],"_links":{"self":[{"href":"https:\/\/intezet.josz.org\/index.php\/wp-json\/wp\/v2\/posts\/380"}],"collection":[{"href":"https:\/\/intezet.josz.org\/index.php\/wp-json\/wp\/v2\/posts"}],"about":[{"href":"https:\/\/intezet.josz.org\/index.php\/wp-json\/wp\/v2\/types\/post"}],"author":[{"embeddable":true,"href":"https:\/\/intezet.josz.org\/index.php\/wp-json\/wp\/v2\/users\/2"}],"replies":[{"embeddable":true,"href":"https:\/\/intezet.josz.org\/index.php\/wp-json\/wp\/v2\/comments?post=380"}],"version-history":[{"count":1,"href":"https:\/\/intezet.josz.org\/index.php\/wp-json\/wp\/v2\/posts\/380\/revisions"}],"predecessor-version":[{"id":381,"href":"https:\/\/intezet.josz.org\/index.php\/wp-json\/wp\/v2\/posts\/380\/revisions\/381"}],"wp:featuredmedia":[{"embeddable":true,"href":"https:\/\/intezet.josz.org\/index.php\/wp-json\/wp\/v2\/media\/213"}],"wp:attachment":[{"href":"https:\/\/intezet.josz.org\/index.php\/wp-json\/wp\/v2\/media?parent=380"}],"wp:term":[{"taxonomy":"category","embeddable":true,"href":"https:\/\/intezet.josz.org\/index.php\/wp-json\/wp\/v2\/categories?post=380"},{"taxonomy":"post_tag","embeddable":true,"href":"https:\/\/intezet.josz.org\/index.php\/wp-json\/wp\/v2\/tags?post=380"}],"curies":[{"name":"wp","href":"https:\/\/api.w.org\/{rel}","templated":true}]}}