{"id":377,"date":"2021-11-16T11:22:53","date_gmt":"2021-11-16T11:22:53","guid":{"rendered":"http:\/\/intezet.josz.org\/?p=377"},"modified":"2021-11-27T09:40:49","modified_gmt":"2021-11-27T09:40:49","slug":"josz-intezet-europa-beszelgetesek-ii","status":"publish","type":"post","link":"https:\/\/intezet.josz.org\/index.php\/2021\/11\/16\/josz-intezet-europa-beszelgetesek-ii\/","title":{"rendered":"J\u00d6Sz Int\u00e9zet &#8211; Eur\u00f3pa Besz\u00e9lget\u00e9sek II."},"content":{"rendered":"\n<p><strong>Friss\u00edt\u00e9s: <\/strong><\/p>\n\n\n\n<p>Kedves \u00c9rdekl\u0151d\u0151k!<\/p>\n\n\n\n<p>Sajn\u00e1lattal t\u00e1j\u00e9koztatunk Titeket arr\u00f3l, hogy Don\u00e1th Anna a mai napon arr\u00f3l t\u00e1j\u00e9koztatott minket, hogy p\u00e1rteln\u00f6ki teend\u0151i ok\u00e1n a december 10 -ei besz\u00e9lget\u00e9sen nem tud r\u00e9szt venni. Ennek nyom\u00e1n a besz\u00e9lget\u00e9s a j\u00f6v\u0151\u00e9v sor\u00e1n egy m\u00e1sik id\u0151pontban ker\u00fcl megval\u00f3s\u00edt\u00e1sra!<\/p>\n\n\n\n<p>Eln\u00e9z\u00e9seteket k\u00e9rj\u00fck a kellemetlens\u00e9g\u00e9rt!<\/p>\n\n\n\n<p>&#8212;<\/p>\n\n\n\n<p>A J\u00d6Sz Int\u00e9zet 2021. november\u00e9ben \u00fatj\u00e1ra ind\u00edtotta az Eur\u00f3pai Uni\u00f3val kapcsolatos besz\u00e9lget\u00e9ssorozat\u00e1t, amelynek c\u00e9lja, hogy az EU m\u0171k\u00f6d\u00e9se ir\u00e1nt \u00e9rdekl\u0151d\u0151k m\u00e9lyebb betekint\u00e9st nyerhessenek az Uni\u00f3 szervezetrendszer\u00e9nek m\u0171k\u00f6d\u00e9s\u00e9be az Eur\u00f3pai Parlament k\u00e9pvisel\u0151inek szemsz\u00f6g\u00e9n kereszt\u00fcl, korm\u00e1nyp\u00e1rti \u00e9s ellenz\u00e9ki oldalr\u00f3l egyar\u00e1nt.<\/p>\n\n\n\n<p>A besz\u00e9lget\u00e9ssorozat m\u00e1sodik alkalm\u00e1n Don\u00e1th Ann\u00e1val, a Momentum Mozgalom Eur\u00f3pai Parlamenti k\u00e9pvisel\u0151j\u00e9vel fogunk besz\u00e9lgetni a k\u00f6z\u00f6ss\u00e9gi m\u00e9di\u00e1r\u00f3l, az Eur\u00f3pa Uni\u00f3 k\u00f6z\u00f6ss\u00e9gi m\u00e9di\u00e1val kapcsolatos alapelveir\u0151l \u00e9s c\u00e9ljair\u00f3l. Don\u00e1th Anna besz\u00e9lget\u0151partnere Koll\u00e1th Mih\u00e1ly G\u00e1bor, a J\u00d6Sz alumnija lesz.<\/p>\n\n\n\n<p>ID\u0150PONT: 2021. december 10. 18 \u00f3ra<br>HELYSZ\u00cdN: H\u00e1rom Szerb K\u00e1v\u00e9h\u00e1z (1056, Budapest, Szerb utca 3.)<\/p>\n\n\n\n<p>Az esem\u00e9ny regisztr\u00e1ci\u00f3hoz k\u00f6t\u00f6tt, valamint a bel\u00e9p\u00e9shez v\u00e9detts\u00e9gi igazolv\u00e1ny felmutat\u00e1sa is sz\u00fcks\u00e9ges. Regisztr\u00e1lni az al\u00e1bbi linken kereszt\u00fcl lehet:<\/p>\n\n\n\n<p><a href=\"https:\/\/docs.google.com\/forms\/d\/e\/1FAIpQLSf3o7Kv-K80RARlMfA1mTcc4E8RpQvlQXoNGr7D_fFIThIx0A\/viewform?usp=sf_link\"><strong>Regisztr\u00e1ci\u00f3.<\/strong><\/a><\/p>\n\n\n\n<p>Minden \u00e9rdekl\u0151d\u0151t szeretettel v\u00e1runk!<\/p>\n\n\n\n<p>J\u00d6Sz Int\u00e9zet<\/p>\n\n\n\n<hr class=\"wp-block-separator\"\/>\n\n\n\n<p>A J\u00d6Sz Int\u00e9zer\u0151l<\/p>\n\n\n\n<p>A J\u00d6Sz Int\u00e9zet a J\u00d6Sz Alap\u00edtv\u00e1ny jogi szem\u00e9lyis\u00e9g n\u00e9lk\u00fcli szervezeti egys\u00e9ge, melynek c\u00e9lja az Alap\u00edtv\u00e1ny \u00e1llam- \u00e9s jogtudom\u00e1nyok m\u0171vel\u00e9s\u00e9vel kapcsolatos tev\u00e9kenys\u00e9g\u00e9nek megval\u00f3s\u00edt\u00e1sa. A J\u00d6Sz Int\u00e9zet m\u0171k\u00f6d\u00e9se sor\u00e1n kutat\u00e1si \u00e9s kutat\u00e1s t\u00e1mogat\u00f3 tev\u00e9kenys\u00e9get l\u00e1t el, szervezi az Alap\u00edtv\u00e1ny kiad\u00f3i tev\u00e9kenys\u00e9g\u00e9t, publik\u00e1ci\u00f3s fel\u00fcletet biztos\u00edt fiatal kutat\u00f3knak \u00e9s egyetemi hallgat\u00f3knak, valamint \u00f6szt\u00f6nd\u00edjak \u00e9s kutat\u00f3projektek seg\u00edts\u00e9g\u00e9vel t\u00e1mogatja a tudom\u00e1ny ir\u00e1nt \u00e9rdekl\u0151d\u0151 fiatal jog\u00e1szokat.<\/p>\n\n\n\n<p>A sz\u00ednvonalas helysz\u00ednt k\u00f6sz\u00f6nj\u00fck a H\u00e1rom Szerb K\u00e1v\u00e9h\u00e1znak!<\/p>\n\n\n\n<hr class=\"wp-block-separator\"\/>\n\n\n\n<p>A rendezv\u00e9nyen t\u00f6rt\u00e9n\u0151 r\u00e9szv\u00e9tel ingyenes.<br>A rendezv\u00e9ny nem sajt\u00f3nyilv\u00e1nos.<br>A szervez\u0151k a programv\u00e1ltoztat\u00e1s jog\u00e1t fenntartj\u00e1k.<\/p>\n","protected":false},"excerpt":{"rendered":"<p>Friss\u00edt\u00e9s: Kedves \u00c9rdekl\u0151d\u0151k! Sajn\u00e1lattal t\u00e1j\u00e9koztatunk Titeket arr\u00f3l, hogy Don\u00e1th Anna a mai napon arr\u00f3l t\u00e1j\u00e9koztatott minket, hogy p\u00e1rteln\u00f6ki teend\u0151i ok\u00e1n a december 10 -ei besz\u00e9lget\u00e9sen nem tud r\u00e9szt venni. Ennek nyom\u00e1n a besz\u00e9lget\u00e9s a j\u00f6v\u0151\u00e9v sor\u00e1n egy m\u00e1sik id\u0151pontban ker\u00fcl megval\u00f3s\u00edt\u00e1sra! Eln\u00e9z\u00e9seteket k\u00e9rj\u00fck a kellemetlens\u00e9g\u00e9rt! &#8212; A J\u00d6Sz Int\u00e9zet 2021. november\u00e9ben \u00fatj\u00e1ra ind\u00edtotta az Eur\u00f3pai Uni\u00f3val kapcsolatos besz\u00e9lget\u00e9ssorozat\u00e1t, amelynek c\u00e9lja, [&hellip;]<\/p>\n","protected":false},"author":2,"featured_media":378,"comment_status":"closed","ping_status":"open","sticky":false,"template":"","format":"standard","meta":{"_monsterinsights_skip_tracking":false,"_monsterinsights_sitenote_active":false,"_monsterinsights_sitenote_note":"","_monsterinsights_sitenote_category":0},"categories":[5],"tags":[],"_links":{"self":[{"href":"https:\/\/intezet.josz.org\/index.php\/wp-json\/wp\/v2\/posts\/377"}],"collection":[{"href":"https:\/\/intezet.josz.org\/index.php\/wp-json\/wp\/v2\/posts"}],"about":[{"href":"https:\/\/intezet.josz.org\/index.php\/wp-json\/wp\/v2\/types\/post"}],"author":[{"embeddable":true,"href":"https:\/\/intezet.josz.org\/index.php\/wp-json\/wp\/v2\/users\/2"}],"replies":[{"embeddable":true,"href":"https:\/\/intezet.josz.org\/index.php\/wp-json\/wp\/v2\/comments?post=377"}],"version-history":[{"count":3,"href":"https:\/\/intezet.josz.org\/index.php\/wp-json\/wp\/v2\/posts\/377\/revisions"}],"predecessor-version":[{"id":386,"href":"https:\/\/intezet.josz.org\/index.php\/wp-json\/wp\/v2\/posts\/377\/revisions\/386"}],"wp:featuredmedia":[{"embeddable":true,"href":"https:\/\/intezet.josz.org\/index.php\/wp-json\/wp\/v2\/media\/378"}],"wp:attachment":[{"href":"https:\/\/intezet.josz.org\/index.php\/wp-json\/wp\/v2\/media?parent=377"}],"wp:term":[{"taxonomy":"category","embeddable":true,"href":"https:\/\/intezet.josz.org\/index.php\/wp-json\/wp\/v2\/categories?post=377"},{"taxonomy":"post_tag","embeddable":true,"href":"https:\/\/intezet.josz.org\/index.php\/wp-json\/wp\/v2\/tags?post=377"}],"curies":[{"name":"wp","href":"https:\/\/api.w.org\/{rel}","templated":true}]}}