{"id":2205,"date":"2026-09-03T07:59:48","date_gmt":"2026-09-03T07:59:48","guid":{"rendered":"https:\/\/intezet.josz.org\/?p=2205"},"modified":"2026-09-03T07:59:48","modified_gmt":"2026-09-03T07:59:48","slug":"beszelgetes-a-digitalis-jogasz-nyilatkozat-jovojerol","status":"publish","type":"post","link":"https:\/\/intezet.josz.org\/index.php\/2026\/09\/03\/beszelgetes-a-digitalis-jogasz-nyilatkozat-jovojerol\/","title":{"rendered":"Besz\u00e9lget\u00e9s a Digit\u00e1lis Jog\u00e1sz Nyilatkozat j\u00f6v\u0151j\u00e9r\u0151l"},"content":{"rendered":"\n<p>2026. augusztus 24-\u00e9n a FUN Legal Tech Online Ny\u00e1ri Egyetemen a  Digit\u00e1lis Jog\u00e1sz Nyilatkozat j\u00f6v\u0151j\u00e9r\u0151l szervezett el\u0151ad\u00e1son<\/p>\n\n\n\n<ul class=\"wp-block-list\">\n<li><strong>K\u00f3sa Ferenc,<\/strong>  \u00fcgyv\u00e9d, egyetemi el\u0151ad\u00f3, az elektronikus al\u00e1\u00edr\u00e1s \u00e9s a jogi digitaliz\u00e1ci\u00f3 szak\u00e9rt\u0151je, a Magyar Elektronikus Al\u00e1\u00edr\u00e1s Sz\u00f6vets\u00e9g Egyes\u00fclet eln\u00f6ke \u00e9s a M\u00dcK Informatikai Tan\u00e1csad\u00f3 Bizotts\u00e1g\u00e1nak tagja<\/li>\n\n\n\n<li><strong>Zorkoczy Mikl\u00f3s<\/strong>, \u00fcgyv\u00e9d, LegalTech- \u00e9s mesters\u00e9gesintelligencia-szak\u00e9rt\u0151, a Zork\u00f3czy \u00dcgyv\u00e9di Iroda alap\u00edt\u00f3ja, egyetemi oktat\u00f3 \u00e9s az NKFIH AI\/robotika szak\u00e9rt\u0151i munkacsoportj\u00e1nak vezet\u0151je.<\/li>\n\n\n\n<li><strong>Koll\u00e1th Mih\u00e1ly G\u00e1bor<\/strong>, Praesens &#8211; d\u00edjas \u00fcgyv\u00e9d, egyetemi oktat\u00f3 (ELTE, KRE), a J\u00d6Sz Int\u00e9zet f\u0151igazgat\u00f3ja, a Futurum Alap\u00edtv\u00e1ny kutat\u00e1si vezet\u0151je<\/li>\n\n\n\n<li><strong>Ungv\u00e1ry Botond<\/strong>, \u00fcgyv\u00e9d \u00e9s m\u00e9rn\u00f6kinformatikus<\/li>\n<\/ul>\n\n\n\n<p>besz\u00e9lgettek a nyilatkozat megsz\u00fclet\u00e9s\u00e9r\u0151l, annak h\u00e1tter\u00e9r\u0151l, az el\u00e9rt eredm\u00e9nyekr\u0151l \u00e9s j\u00f6v\u0151beli c\u00e9lokr\u00f3l.<\/p>\n\n\n\n<p>Regisztr\u00e1ci\u00f3: <a href=\"https:\/\/funlegaltechsummer.ungvary.eu\/\">https:\/\/funlegaltechsummer.ungvary.eu\/<\/a><\/p>\n\n\n\n<p>Szeretettel v\u00e1runk minden kedves \u00e9rdekl\u0151d\u0151t!<\/p>\n\n\n\n<p><\/p>\n","protected":false},"excerpt":{"rendered":"<p>2026. augusztus 24-\u00e9n a FUN Legal Tech Online Ny\u00e1ri Egyetemen a Digit\u00e1lis Jog\u00e1sz Nyilatkozat j\u00f6v\u0151j\u00e9r\u0151l szervezett el\u0151ad\u00e1son besz\u00e9lgettek a nyilatkozat megsz\u00fclet\u00e9s\u00e9r\u0151l, annak h\u00e1tter\u00e9r\u0151l, az el\u00e9rt eredm\u00e9nyekr\u0151l \u00e9s j\u00f6v\u0151beli c\u00e9lokr\u00f3l. Regisztr\u00e1ci\u00f3: https:\/\/funlegaltechsummer.ungvary.eu\/ Szeretettel v\u00e1runk minden kedves \u00e9rdekl\u0151d\u0151t!<\/p>\n","protected":false},"author":2,"featured_media":2206,"comment_status":"closed","ping_status":"open","sticky":false,"template":"","format":"standard","meta":{"_monsterinsights_skip_tracking":false,"_monsterinsights_sitenote_active":false,"_monsterinsights_sitenote_note":"","_monsterinsights_sitenote_category":0,"footnotes":""},"categories":[5],"tags":[],"class_list":["post-2205","post","type-post","status-publish","format-standard","has-post-thumbnail","hentry","category-rendezvenyek"],"_links":{"self":[{"href":"https:\/\/intezet.josz.org\/index.php\/wp-json\/wp\/v2\/posts\/2205","targetHints":{"allow":["GET"]}}],"collection":[{"href":"https:\/\/intezet.josz.org\/index.php\/wp-json\/wp\/v2\/posts"}],"about":[{"href":"https:\/\/intezet.josz.org\/index.php\/wp-json\/wp\/v2\/types\/post"}],"author":[{"embeddable":true,"href":"https:\/\/intezet.josz.org\/index.php\/wp-json\/wp\/v2\/users\/2"}],"replies":[{"embeddable":true,"href":"https:\/\/intezet.josz.org\/index.php\/wp-json\/wp\/v2\/comments?post=2205"}],"version-history":[{"count":1,"href":"https:\/\/intezet.josz.org\/index.php\/wp-json\/wp\/v2\/posts\/2205\/revisions"}],"predecessor-version":[{"id":2207,"href":"https:\/\/intezet.josz.org\/index.php\/wp-json\/wp\/v2\/posts\/2205\/revisions\/2207"}],"wp:featuredmedia":[{"embeddable":true,"href":"https:\/\/intezet.josz.org\/index.php\/wp-json\/wp\/v2\/media\/2206"}],"wp:attachment":[{"href":"https:\/\/intezet.josz.org\/index.php\/wp-json\/wp\/v2\/media?parent=2205"}],"wp:term":[{"taxonomy":"category","embeddable":true,"href":"https:\/\/intezet.josz.org\/index.php\/wp-json\/wp\/v2\/categories?post=2205"},{"taxonomy":"post_tag","embeddable":true,"href":"https:\/\/intezet.josz.org\/index.php\/wp-json\/wp\/v2\/tags?post=2205"}],"curies":[{"name":"wp","href":"https:\/\/api.w.org\/{rel}","templated":true}]}}