{"id":2171,"date":"2026-04-21T10:25:33","date_gmt":"2026-04-21T10:25:33","guid":{"rendered":"http:\/\/intezet.josz.org\/?p=2171"},"modified":"2026-04-21T10:31:46","modified_gmt":"2026-04-21T10:31:46","slug":"mi-az-az-ekop-es-hogyan-palyazhatok-ra","status":"publish","type":"post","link":"https:\/\/intezet.josz.org\/index.php\/2026\/04\/21\/mi-az-az-ekop-es-hogyan-palyazhatok-ra\/","title":{"rendered":"Mi az az EK\u00d6P \u00e9s hogyan p\u00e1ly\u00e1zhatok r\u00e1?"},"content":{"rendered":"\n<p>Az&nbsp;Egyetemi Kutat\u00f3i \u00d6szt\u00f6nd\u00edj Program (EK\u00d6P)<strong>&nbsp;<\/strong>c\u00e9lja a fels\u0151oktat\u00e1si int\u00e9zm\u00e9nyek oktat\u00f3i \u00e9s kutat\u00f3i ut\u00e1np\u00f3tl\u00e1s\u00e1nak, valamint az innovat\u00edv magyar v\u00e1llalkoz\u00e1sok kutat\u00f3-fejleszt\u0151i ut\u00e1np\u00f3tl\u00e1s\u00e1nak biztos\u00edt\u00e1sa, \u00e9s a legtehets\u00e9gesebb hallgat\u00f3k a fels\u0151oktat\u00e1si tehets\u00e9ggondoz\u00e1sba val\u00f3 bevon\u00e1sa. A Program \u00f6szt\u00f6nd\u00edjp\u00e1ly\u00e1zatai a fels\u0151oktat\u00e1sban r\u00e9szt vev\u0151 hallgat\u00f3i, kutat\u00f3i kiv\u00e1l\u00f3s\u00e1got t\u00e1mogatj\u00e1k olyan \u2013 alapk\u00e9pz\u00e9sben, mesterk\u00e9pz\u00e9sben vagy doktori k\u00e9pz\u00e9sben r\u00e9szt vev\u0151 \u2013 hallgat\u00f3k, valamint fiatal oktat\u00f3k, kutat\u00f3k t\u00e1mogat\u00e1s\u00e1val, akik a fels\u0151oktat\u00e1si int\u00e9zm\u00e9nyben eredm\u00e9nyes kutat\u00e1si tev\u00e9kenys\u00e9get folytatnak.<\/p>\n\n\n\n<p>A J\u00d6Sz Int\u00e9zet 2026. m\u00e1jus 5-ei el\u0151ad\u00e1s\u00e1n Szikszai Lili l\u00e1togat el hozz\u00e1nk \u00e9s mutatja be az \u00e9rdekl\u0151d\u0151knek az EK\u00d6P programot, a p\u00e1ly\u00e1z\u00e1s folyamat\u00e1t, valamint az \u00d6szt\u00f6nd\u00edjprogramban rejl\u0151 lehet\u0151s\u00e9geket. <\/p>\n\n\n\n<p>Kezd\u00e9s: 2026. m\u00e1jus 5. 18 \u00f3ra<\/p>\n\n\n\n<p>Helysz\u00edn: J\u00d6Sz Szakkoll\u00e9gium<\/p>\n\n\n\n<p>Facebook esem\u00e9ny: https:\/\/www.facebook.com\/events\/1850937052214352<\/p>\n\n\n\n<p>Szeretettel v\u00e1runk minden kedves \u00e9rdekl\u0151d\u0151t!<\/p>\n","protected":false},"excerpt":{"rendered":"<p>Az&nbsp;Egyetemi Kutat\u00f3i \u00d6szt\u00f6nd\u00edj Program (EK\u00d6P)&nbsp;c\u00e9lja a fels\u0151oktat\u00e1si int\u00e9zm\u00e9nyek oktat\u00f3i \u00e9s kutat\u00f3i ut\u00e1np\u00f3tl\u00e1s\u00e1nak, valamint az innovat\u00edv magyar v\u00e1llalkoz\u00e1sok kutat\u00f3-fejleszt\u0151i ut\u00e1np\u00f3tl\u00e1s\u00e1nak biztos\u00edt\u00e1sa, \u00e9s a legtehets\u00e9gesebb hallgat\u00f3k a fels\u0151oktat\u00e1si tehets\u00e9ggondoz\u00e1sba val\u00f3 bevon\u00e1sa. A Program \u00f6szt\u00f6nd\u00edjp\u00e1ly\u00e1zatai a fels\u0151oktat\u00e1sban r\u00e9szt vev\u0151 hallgat\u00f3i, kutat\u00f3i kiv\u00e1l\u00f3s\u00e1got t\u00e1mogatj\u00e1k olyan \u2013 alapk\u00e9pz\u00e9sben, mesterk\u00e9pz\u00e9sben vagy doktori k\u00e9pz\u00e9sben r\u00e9szt vev\u0151 \u2013 hallgat\u00f3k, valamint fiatal oktat\u00f3k, kutat\u00f3k t\u00e1mogat\u00e1s\u00e1val, akik a fels\u0151oktat\u00e1si int\u00e9zm\u00e9nyben [&hellip;]<\/p>\n","protected":false},"author":2,"featured_media":2172,"comment_status":"closed","ping_status":"open","sticky":false,"template":"","format":"standard","meta":{"_monsterinsights_skip_tracking":false,"_monsterinsights_sitenote_active":false,"_monsterinsights_sitenote_note":"","_monsterinsights_sitenote_category":0},"categories":[5],"tags":[],"_links":{"self":[{"href":"https:\/\/intezet.josz.org\/index.php\/wp-json\/wp\/v2\/posts\/2171"}],"collection":[{"href":"https:\/\/intezet.josz.org\/index.php\/wp-json\/wp\/v2\/posts"}],"about":[{"href":"https:\/\/intezet.josz.org\/index.php\/wp-json\/wp\/v2\/types\/post"}],"author":[{"embeddable":true,"href":"https:\/\/intezet.josz.org\/index.php\/wp-json\/wp\/v2\/users\/2"}],"replies":[{"embeddable":true,"href":"https:\/\/intezet.josz.org\/index.php\/wp-json\/wp\/v2\/comments?post=2171"}],"version-history":[{"count":2,"href":"https:\/\/intezet.josz.org\/index.php\/wp-json\/wp\/v2\/posts\/2171\/revisions"}],"predecessor-version":[{"id":2174,"href":"https:\/\/intezet.josz.org\/index.php\/wp-json\/wp\/v2\/posts\/2171\/revisions\/2174"}],"wp:featuredmedia":[{"embeddable":true,"href":"https:\/\/intezet.josz.org\/index.php\/wp-json\/wp\/v2\/media\/2172"}],"wp:attachment":[{"href":"https:\/\/intezet.josz.org\/index.php\/wp-json\/wp\/v2\/media?parent=2171"}],"wp:term":[{"taxonomy":"category","embeddable":true,"href":"https:\/\/intezet.josz.org\/index.php\/wp-json\/wp\/v2\/categories?post=2171"},{"taxonomy":"post_tag","embeddable":true,"href":"https:\/\/intezet.josz.org\/index.php\/wp-json\/wp\/v2\/tags?post=2171"}],"curies":[{"name":"wp","href":"https:\/\/api.w.org\/{rel}","templated":true}]}}