{"id":2156,"date":"2026-04-15T10:43:00","date_gmt":"2026-04-15T10:43:00","guid":{"rendered":"http:\/\/intezet.josz.org\/?p=2156"},"modified":"2026-04-20T10:43:36","modified_gmt":"2026-04-20T10:43:36","slug":"kiberbiztonsag-es-megfeleles","status":"publish","type":"post","link":"https:\/\/intezet.josz.org\/index.php\/2026\/04\/15\/kiberbiztonsag-es-megfeleles\/","title":{"rendered":"Kiberbiztons\u00e1g \u00e9s megfelel\u00e9s"},"content":{"rendered":"\n<p>2026. \u00e1prilis 18-\u00e1n a J\u00d6Sz Int\u00e9zet szervez\u00e9s\u00e9ben Krasznay Csaba, a BME egyetemi docense l\u00e1togat el hozz\u00e1nk \u00e9s tart el\u0151ad\u00e1st a kiberbiztons\u00e1g \u00e9s megfelel\u00e9s t\u00e9mak\u00f6r\u00e9ben. A rendezv\u00e9ny keret\u00e9ben sz\u00f3 lesz t\u00f6bbek k\u00f6z\u00f6tt<\/p>\n\n\n\n<ul><li>a kiberbiztons\u00e1g aktu\u00e1lis k\u00e9rd\u00e9seir\u0151l<\/li><li>a mesters\u00e9ges intelligencia \u00e9s kiberbiztons\u00e1g kapcsolat\u00e1r\u00f3l<\/li><li>az incidenskezel\u00e9s gyakorlat\u00e1r\u00f3l<\/li><li>a NIS2 -nek t\u00f6rt\u00e9n\u0151 megfelel\u00e9sr\u0151l<\/li><li><\/li><\/ul>\n\n\n\n<p>Kezd\u00e9s: 2026. \u00e1prilis 18. 10 \u00f3ra 45 perc<\/p>\n\n\n\n<p>Helysz\u00edn: ELTE \u00c1llam- \u00e9s Jogtudom\u00e1nyi Kar &#8220;A&#8221; \u00c9p\u00fclet &#8211; I. tanterem<\/p>\n\n\n\n<p>Szeretettel v\u00e1runk minden kedves \u00e9rdekl\u0151d\u0151t!<\/p>\n","protected":false},"excerpt":{"rendered":"<p>2026. \u00e1prilis 18-\u00e1n a J\u00d6Sz Int\u00e9zet szervez\u00e9s\u00e9ben Krasznay Csaba, a BME egyetemi docense l\u00e1togat el hozz\u00e1nk \u00e9s tart el\u0151ad\u00e1st a kiberbiztons\u00e1g \u00e9s megfelel\u00e9s t\u00e9mak\u00f6r\u00e9ben. A rendezv\u00e9ny keret\u00e9ben sz\u00f3 lesz t\u00f6bbek k\u00f6z\u00f6tt a kiberbiztons\u00e1g aktu\u00e1lis k\u00e9rd\u00e9seir\u0151l a mesters\u00e9ges intelligencia \u00e9s kiberbiztons\u00e1g kapcsolat\u00e1r\u00f3l az incidenskezel\u00e9s gyakorlat\u00e1r\u00f3l a NIS2 -nek t\u00f6rt\u00e9n\u0151 megfelel\u00e9sr\u0151l Kezd\u00e9s: 2026. \u00e1prilis 18. 10 \u00f3ra 45 perc Helysz\u00edn: ELTE \u00c1llam- [&hellip;]<\/p>\n","protected":false},"author":2,"featured_media":2141,"comment_status":"closed","ping_status":"open","sticky":false,"template":"","format":"standard","meta":{"_monsterinsights_skip_tracking":false,"_monsterinsights_sitenote_active":false,"_monsterinsights_sitenote_note":"","_monsterinsights_sitenote_category":0},"categories":[5],"tags":[],"_links":{"self":[{"href":"https:\/\/intezet.josz.org\/index.php\/wp-json\/wp\/v2\/posts\/2156"}],"collection":[{"href":"https:\/\/intezet.josz.org\/index.php\/wp-json\/wp\/v2\/posts"}],"about":[{"href":"https:\/\/intezet.josz.org\/index.php\/wp-json\/wp\/v2\/types\/post"}],"author":[{"embeddable":true,"href":"https:\/\/intezet.josz.org\/index.php\/wp-json\/wp\/v2\/users\/2"}],"replies":[{"embeddable":true,"href":"https:\/\/intezet.josz.org\/index.php\/wp-json\/wp\/v2\/comments?post=2156"}],"version-history":[{"count":2,"href":"https:\/\/intezet.josz.org\/index.php\/wp-json\/wp\/v2\/posts\/2156\/revisions"}],"predecessor-version":[{"id":2159,"href":"https:\/\/intezet.josz.org\/index.php\/wp-json\/wp\/v2\/posts\/2156\/revisions\/2159"}],"wp:featuredmedia":[{"embeddable":true,"href":"https:\/\/intezet.josz.org\/index.php\/wp-json\/wp\/v2\/media\/2141"}],"wp:attachment":[{"href":"https:\/\/intezet.josz.org\/index.php\/wp-json\/wp\/v2\/media?parent=2156"}],"wp:term":[{"taxonomy":"category","embeddable":true,"href":"https:\/\/intezet.josz.org\/index.php\/wp-json\/wp\/v2\/categories?post=2156"},{"taxonomy":"post_tag","embeddable":true,"href":"https:\/\/intezet.josz.org\/index.php\/wp-json\/wp\/v2\/tags?post=2156"}],"curies":[{"name":"wp","href":"https:\/\/api.w.org\/{rel}","templated":true}]}}