{"id":1975,"date":"2025-09-20T13:50:47","date_gmt":"2025-09-20T13:50:47","guid":{"rendered":"http:\/\/intezet.josz.org\/?p=1975"},"modified":"2025-09-20T13:51:15","modified_gmt":"2025-09-20T13:51:15","slug":"maroth-marton-eloadasa-a-cepsa2025-konferencian","status":"publish","type":"post","link":"https:\/\/intezet.josz.org\/index.php\/2025\/09\/20\/maroth-marton-eloadasa-a-cepsa2025-konferencian\/","title":{"rendered":"Mar\u00f3th M\u00e1rton el\u0151ad\u00e1sa a  CEPSA2025 konferenci\u00e1n"},"content":{"rendered":"\n<p>2025. szeptember 18-\u00e1n Int\u00e9zet\u00fcnk kutat\u00f3ja, a J\u00d6Sz Szakkoll\u00e9gium alumni tagja Mar\u00f3th M\u00e1rton az okos v\u00e1rosok m\u0171k\u00f6d\u00e9s\u00e9r\u0151l \u00e9s kih\u00edv\u00e1sair\u00f3l adott el\u0151 a vars\u00f3i CEPSA2025 konferenci\u00e1n. <\/p>\n\n\n\n<p>Gratul\u00e1lunk Mar\u00f3th M\u00e1rton el\u0151ad\u00e1s\u00e1hoz!<\/p>\n","protected":false},"excerpt":{"rendered":"<p>2025. szeptember 18-\u00e1n Int\u00e9zet\u00fcnk kutat\u00f3ja, a J\u00d6Sz Szakkoll\u00e9gium alumni tagja Mar\u00f3th M\u00e1rton az okos v\u00e1rosok m\u0171k\u00f6d\u00e9s\u00e9r\u0151l \u00e9s kih\u00edv\u00e1sair\u00f3l adott el\u0151 a vars\u00f3i CEPSA2025 konferenci\u00e1n. Gratul\u00e1lunk Mar\u00f3th M\u00e1rton el\u0151ad\u00e1s\u00e1hoz!<\/p>\n","protected":false},"author":2,"featured_media":1976,"comment_status":"closed","ping_status":"open","sticky":false,"template":"","format":"standard","meta":{"_monsterinsights_skip_tracking":false,"_monsterinsights_sitenote_active":false,"_monsterinsights_sitenote_note":"","_monsterinsights_sitenote_category":0},"categories":[9],"tags":[],"_links":{"self":[{"href":"https:\/\/intezet.josz.org\/index.php\/wp-json\/wp\/v2\/posts\/1975"}],"collection":[{"href":"https:\/\/intezet.josz.org\/index.php\/wp-json\/wp\/v2\/posts"}],"about":[{"href":"https:\/\/intezet.josz.org\/index.php\/wp-json\/wp\/v2\/types\/post"}],"author":[{"embeddable":true,"href":"https:\/\/intezet.josz.org\/index.php\/wp-json\/wp\/v2\/users\/2"}],"replies":[{"embeddable":true,"href":"https:\/\/intezet.josz.org\/index.php\/wp-json\/wp\/v2\/comments?post=1975"}],"version-history":[{"count":2,"href":"https:\/\/intezet.josz.org\/index.php\/wp-json\/wp\/v2\/posts\/1975\/revisions"}],"predecessor-version":[{"id":1978,"href":"https:\/\/intezet.josz.org\/index.php\/wp-json\/wp\/v2\/posts\/1975\/revisions\/1978"}],"wp:featuredmedia":[{"embeddable":true,"href":"https:\/\/intezet.josz.org\/index.php\/wp-json\/wp\/v2\/media\/1976"}],"wp:attachment":[{"href":"https:\/\/intezet.josz.org\/index.php\/wp-json\/wp\/v2\/media?parent=1975"}],"wp:term":[{"taxonomy":"category","embeddable":true,"href":"https:\/\/intezet.josz.org\/index.php\/wp-json\/wp\/v2\/categories?post=1975"},{"taxonomy":"post_tag","embeddable":true,"href":"https:\/\/intezet.josz.org\/index.php\/wp-json\/wp\/v2\/tags?post=1975"}],"curies":[{"name":"wp","href":"https:\/\/api.w.org\/{rel}","templated":true}]}}