{"id":1971,"date":"2025-09-20T11:57:46","date_gmt":"2025-09-20T11:57:46","guid":{"rendered":"http:\/\/intezet.josz.org\/?p=1971"},"modified":"2025-09-20T12:00:20","modified_gmt":"2025-09-20T12:00:20","slug":"mesterseges-intelligenciarol-az-elte-ajk-elso-kari-oktatasmodszertani-napjan","status":"publish","type":"post","link":"https:\/\/intezet.josz.org\/index.php\/2025\/09\/20\/mesterseges-intelligenciarol-az-elte-ajk-elso-kari-oktatasmodszertani-napjan\/","title":{"rendered":"Mesters\u00e9ges intelligenci\u00e1r\u00f3l az ELTE \u00c1JK els\u0151 Kari Oktat\u00e1sm\u00f3dszertani Napj\u00e1n"},"content":{"rendered":"\n<p>2025. szeptember 10-\u00e9n ker\u00fcl megrendez\u00e9sre az E\u00f6tv\u00f6s Lor\u00e1nd Tudom\u00e1nyegyetem \u00c1llam- \u00e9s Jogtudom\u00e1nyi Kar\u00e1n az els\u0151 Kari Oktat\u00e1sm\u00f3dszertani Nap, melynek az volt ac\u00e9lja, hogy oktat\u00f3k \u00e9s hallgat\u00f3k k\u00f6z\u00f6sen gondolkodjanak arr\u00f3l, mit jelent a val\u00f3s\u00e1gra hangolt jog\u00e1szk\u00e9pz\u00e9s.<\/p>\n\n\n\n<p>A konferencia sor\u00e1n &#8220;Az utols\u00f3 anal\u00f3g jog\u00e1szok &#8211; Az MI \u00e9s a technol\u00f3gia hat\u00e1sa a jog\u00e1szi hivat\u00e1sra \u00e9s az oktat\u00e1s j\u00f6v\u0151j\u00e9re&#8221; c\u00edm\u0171 t\u00f6mbben int\u00e9zet\u00fcnk f\u0151igazgat\u00f3ja, Koll\u00e1th Mih\u00e1ly G\u00e1bor, valamint a J\u00d6Sz IT Akad\u00e9mi\u00e1j\u00e1nak vezet\u0151 oktat\u00f3ja, Ungv\u00e1ry Botond is r\u00e9szt vett, \u00e9s osztott\u00e1k meg gondolataikat Dar\u00e1zs L\u00e9n\u00e1rd, az ELTE rektor\u00e1nak, Menyh\u00e1rd Attila, De\u00e1k Ferenc-d\u00edjas jog\u00e1sznak, valamint Megyeri Andrea, a \u00a0Wolters Kluwer Hungary Kft. innov\u00e1ci\u00f3s \u00e9s tartalomfejleszt\u00e9si vezet\u0151j\u00e9nek t\u00e1rsas\u00e1g\u00e1ban. <\/p>\n\n\n\n<p>A besz\u00e9lget\u00e9st B\u00e1ldy P\u00e9ter, P\u00e9ter, az ELTE \u00c1JK Jogi Tov\u00e1bbk\u00e9pz\u0151 Int\u00e9zet\u00e9nek igazgat\u00f3helyettese moder\u00e1lta.<\/p>\n","protected":false},"excerpt":{"rendered":"<p>2025. szeptember 10-\u00e9n ker\u00fcl megrendez\u00e9sre az E\u00f6tv\u00f6s Lor\u00e1nd Tudom\u00e1nyegyetem \u00c1llam- \u00e9s Jogtudom\u00e1nyi Kar\u00e1n az els\u0151 Kari Oktat\u00e1sm\u00f3dszertani Nap, melynek az volt ac\u00e9lja, hogy oktat\u00f3k \u00e9s hallgat\u00f3k k\u00f6z\u00f6sen gondolkodjanak arr\u00f3l, mit jelent a val\u00f3s\u00e1gra hangolt jog\u00e1szk\u00e9pz\u00e9s. A konferencia sor\u00e1n &#8220;Az utols\u00f3 anal\u00f3g jog\u00e1szok &#8211; Az MI \u00e9s a technol\u00f3gia hat\u00e1sa a jog\u00e1szi hivat\u00e1sra \u00e9s az oktat\u00e1s j\u00f6v\u0151j\u00e9re&#8221; c\u00edm\u0171 t\u00f6mbben int\u00e9zet\u00fcnk f\u0151igazgat\u00f3ja, [&hellip;]<\/p>\n","protected":false},"author":2,"featured_media":1972,"comment_status":"closed","ping_status":"open","sticky":false,"template":"","format":"standard","meta":{"_monsterinsights_skip_tracking":false,"_monsterinsights_sitenote_active":false,"_monsterinsights_sitenote_note":"","_monsterinsights_sitenote_category":0},"categories":[9],"tags":[],"_links":{"self":[{"href":"https:\/\/intezet.josz.org\/index.php\/wp-json\/wp\/v2\/posts\/1971"}],"collection":[{"href":"https:\/\/intezet.josz.org\/index.php\/wp-json\/wp\/v2\/posts"}],"about":[{"href":"https:\/\/intezet.josz.org\/index.php\/wp-json\/wp\/v2\/types\/post"}],"author":[{"embeddable":true,"href":"https:\/\/intezet.josz.org\/index.php\/wp-json\/wp\/v2\/users\/2"}],"replies":[{"embeddable":true,"href":"https:\/\/intezet.josz.org\/index.php\/wp-json\/wp\/v2\/comments?post=1971"}],"version-history":[{"count":2,"href":"https:\/\/intezet.josz.org\/index.php\/wp-json\/wp\/v2\/posts\/1971\/revisions"}],"predecessor-version":[{"id":1974,"href":"https:\/\/intezet.josz.org\/index.php\/wp-json\/wp\/v2\/posts\/1971\/revisions\/1974"}],"wp:featuredmedia":[{"embeddable":true,"href":"https:\/\/intezet.josz.org\/index.php\/wp-json\/wp\/v2\/media\/1972"}],"wp:attachment":[{"href":"https:\/\/intezet.josz.org\/index.php\/wp-json\/wp\/v2\/media?parent=1971"}],"wp:term":[{"taxonomy":"category","embeddable":true,"href":"https:\/\/intezet.josz.org\/index.php\/wp-json\/wp\/v2\/categories?post=1971"},{"taxonomy":"post_tag","embeddable":true,"href":"https:\/\/intezet.josz.org\/index.php\/wp-json\/wp\/v2\/tags?post=1971"}],"curies":[{"name":"wp","href":"https:\/\/api.w.org\/{rel}","templated":true}]}}