{"id":1904,"date":"2025-04-27T13:17:33","date_gmt":"2025-04-27T13:17:33","guid":{"rendered":"http:\/\/intezet.josz.org\/?p=1904"},"modified":"2025-04-27T13:17:50","modified_gmt":"2025-04-27T13:17:50","slug":"a-keresomotorok-mukodesenek-jogi-kerdesei","status":"publish","type":"post","link":"https:\/\/intezet.josz.org\/index.php\/2025\/04\/27\/a-keresomotorok-mukodesenek-jogi-kerdesei\/","title":{"rendered":"A keres\u0151motorok m\u0171k\u00f6d\u00e9s\u00e9nek jogi k\u00e9rd\u00e9sei"},"content":{"rendered":"\n<p>Az \u201cInternetes platformok k\u00f6zgazdas\u00e1gtani \u00e9s jogi k\u00e9rd\u00e9sei\u201d elnevez\u00e9s\u0171 kurzus keret\u00e9ben 2025. \u00e1prilis 30-\u00e1n, szerd\u00e1n 18 \u00f3r\u00e1t\u00f3l kezd\u0151d\u0151en Dr. Z\u0151di Zsolt, az NKE ITKI tudom\u00e1nyos f\u0151munkat\u00e1rsa l\u00e1togat el hozz\u00e1nk, \u00e9s tart el\u0151ad\u00e1st az internetes keres\u0151motorok jogi \u00e9s gazdas\u00e1gi k\u00e9rd\u00e9seinek t\u00e9mak\u00f6r\u00e9ben.<\/p>\n\n\n\n<p>A kurzusalkalomra \u2013 tekintettel annak egyetemi kurzus jelleg\u00e9re, a szabad f\u00e9r\u0151helyek f\u00fcggv\u00e9ny\u00e9ben \u2013 szeretettel v\u00e1runk minden kedves \u00e9rdekl\u0151d\u0151t. R\u00e9szv\u00e9teli sz\u00e1nd\u00e9kukat k\u00e9rj\u00fck az intezet@josz.org email c\u00edmre k\u00fcld\u00f6tt lev\u00e9lben sz\u00edveskedjenek jelezni 2025. \u00e1prilis 28. napj\u00e1ig.<\/p>\n","protected":false},"excerpt":{"rendered":"<p>Az \u201cInternetes platformok k\u00f6zgazdas\u00e1gtani \u00e9s jogi k\u00e9rd\u00e9sei\u201d elnevez\u00e9s\u0171 kurzus keret\u00e9ben 2025. \u00e1prilis 30-\u00e1n, szerd\u00e1n 18 \u00f3r\u00e1t\u00f3l kezd\u0151d\u0151en Dr. Z\u0151di Zsolt, az NKE ITKI tudom\u00e1nyos f\u0151munkat\u00e1rsa l\u00e1togat el hozz\u00e1nk, \u00e9s tart el\u0151ad\u00e1st az internetes keres\u0151motorok jogi \u00e9s gazdas\u00e1gi k\u00e9rd\u00e9seinek t\u00e9mak\u00f6r\u00e9ben. A kurzusalkalomra \u2013 tekintettel annak egyetemi kurzus jelleg\u00e9re, a szabad f\u00e9r\u0151helyek f\u00fcggv\u00e9ny\u00e9ben \u2013 szeretettel v\u00e1runk minden kedves \u00e9rdekl\u0151d\u0151t. R\u00e9szv\u00e9teli sz\u00e1nd\u00e9kukat k\u00e9rj\u00fck [&hellip;]<\/p>\n","protected":false},"author":2,"featured_media":1905,"comment_status":"closed","ping_status":"open","sticky":false,"template":"","format":"standard","meta":{"_monsterinsights_skip_tracking":false,"_monsterinsights_sitenote_active":false,"_monsterinsights_sitenote_note":"","_monsterinsights_sitenote_category":0},"categories":[5],"tags":[],"_links":{"self":[{"href":"https:\/\/intezet.josz.org\/index.php\/wp-json\/wp\/v2\/posts\/1904"}],"collection":[{"href":"https:\/\/intezet.josz.org\/index.php\/wp-json\/wp\/v2\/posts"}],"about":[{"href":"https:\/\/intezet.josz.org\/index.php\/wp-json\/wp\/v2\/types\/post"}],"author":[{"embeddable":true,"href":"https:\/\/intezet.josz.org\/index.php\/wp-json\/wp\/v2\/users\/2"}],"replies":[{"embeddable":true,"href":"https:\/\/intezet.josz.org\/index.php\/wp-json\/wp\/v2\/comments?post=1904"}],"version-history":[{"count":2,"href":"https:\/\/intezet.josz.org\/index.php\/wp-json\/wp\/v2\/posts\/1904\/revisions"}],"predecessor-version":[{"id":1907,"href":"https:\/\/intezet.josz.org\/index.php\/wp-json\/wp\/v2\/posts\/1904\/revisions\/1907"}],"wp:featuredmedia":[{"embeddable":true,"href":"https:\/\/intezet.josz.org\/index.php\/wp-json\/wp\/v2\/media\/1905"}],"wp:attachment":[{"href":"https:\/\/intezet.josz.org\/index.php\/wp-json\/wp\/v2\/media?parent=1904"}],"wp:term":[{"taxonomy":"category","embeddable":true,"href":"https:\/\/intezet.josz.org\/index.php\/wp-json\/wp\/v2\/categories?post=1904"},{"taxonomy":"post_tag","embeddable":true,"href":"https:\/\/intezet.josz.org\/index.php\/wp-json\/wp\/v2\/tags?post=1904"}],"curies":[{"name":"wp","href":"https:\/\/api.w.org\/{rel}","templated":true}]}}