{"id":1778,"date":"2025-01-18T09:43:06","date_gmt":"2025-01-18T09:43:06","guid":{"rendered":"http:\/\/intezet.josz.org\/?p=1778"},"modified":"2025-01-18T09:43:06","modified_gmt":"2025-01-18T09:43:06","slug":"oszinten-a-jogaszkepzesrol","status":"publish","type":"post","link":"https:\/\/intezet.josz.org\/index.php\/2025\/01\/18\/oszinten-a-jogaszkepzesrol\/","title":{"rendered":"\u0150szint\u00e9n a jog\u00e1szk\u00e9pz\u00e9sr\u0151l"},"content":{"rendered":"\n<p>Hogyan n\u00e9z ki a jog\u00e1sz k\u00e9pz\u00e9s a gyakorlatban? Mi a k\u00fcl\u00f6nbs\u00e9g \u00e9s mi a hasonl\u00f3s\u00e1g az ELTE \u00e9s a PPKE k\u00e9pz\u00e9si tematik\u00e1ja k\u00f6z\u00f6tt? T\u00e9nyleg olyan r\u00e9miszt\u0151 a r\u00f3mai jog, mint ahogy azt sok helyen hallani? Milyen lehet\u0151s\u00e9geid vannak a jogi egyetemi k\u00e9pz\u00e9s sor\u00e1n?\u00a0<\/p>\n\n\n\n<p>A J\u00d6Sz Int\u00e9zet \u00e9s J\u00d6Sz Szakkoll\u00e9gium 2025. janu\u00e1r 29. napj\u00e1ra besz\u00e9lget\u00e9st szervez melyen ilyen \u00e9s ehhez hasonl\u00f3 k\u00e9rd\u00e9sekre kaphattok v\u00e1laszt megh\u00edvott vend\u00e9geinkt\u0151l<\/p>\n\n\n\n<p>&#8211; Dr. Somssich R\u00e9ka, egyetemi tan\u00e1r, az ELTE \u00c1JK tanulm\u00e1nyi \u00e9s oktat\u00e1si \u00fcgyek\u00e9rt felel\u0151s d\u00e9k\u00e1nhelyettese<\/p>\n\n\n\n<p>&#8211; Dr. Pog\u00e1cs\u00e1s Anett, egyetemi docens, a PPKE J\u00c1K oktat\u00f3ja<\/p>\n\n\n\n<p>Kezd\u00e9s: 2025. janu\u00e1r 29. 18 \u00f3ra<\/p>\n\n\n\n<p>Helysz\u00edn: H\u00e1rom Szerb K\u00e1v\u00e9h\u00e1z (1056, Budapest, Szerb utca 3.)<\/p>\n\n\n\n<p>L\u00e1togass el besz\u00e9lget\u00e9s\u00fcnkre \u00e9s tedd fel k\u00e9rd\u00e9seidet a jogi egyetemi k\u00e9pz\u00e9sr\u0151l!<\/p>\n\n\n\n<p>Szeretettel v\u00e1runk minden kedves \u00e9rdekl\u0151d\u0151t!<\/p>\n\n\n\n<p>&#8212;&#8212;&#8211;<br>A rendezv\u00e9ny nem sajt\u00f3nyilv\u00e1nos. A szervez\u0151k a programv\u00e1ltoztat\u00e1s jog\u00e1t fenntartj\u00e1k. Az esem\u00e9nyen k\u00e9pfelv\u00e9tel k\u00e9sz\u00fclhet.\u00a0<\/p>\n","protected":false},"excerpt":{"rendered":"<p>Hogyan n\u00e9z ki a jog\u00e1sz k\u00e9pz\u00e9s a gyakorlatban? Mi a k\u00fcl\u00f6nbs\u00e9g \u00e9s mi a hasonl\u00f3s\u00e1g az ELTE \u00e9s a PPKE k\u00e9pz\u00e9si tematik\u00e1ja k\u00f6z\u00f6tt? T\u00e9nyleg olyan r\u00e9miszt\u0151 a r\u00f3mai jog, mint ahogy azt sok helyen hallani? Milyen lehet\u0151s\u00e9geid vannak a jogi egyetemi k\u00e9pz\u00e9s sor\u00e1n?\u00a0 A J\u00d6Sz Int\u00e9zet \u00e9s J\u00d6Sz Szakkoll\u00e9gium 2025. janu\u00e1r 29. napj\u00e1ra besz\u00e9lget\u00e9st szervez melyen ilyen \u00e9s ehhez hasonl\u00f3 [&hellip;]<\/p>\n","protected":false},"author":2,"featured_media":1779,"comment_status":"closed","ping_status":"open","sticky":false,"template":"","format":"standard","meta":{"_monsterinsights_skip_tracking":false,"_monsterinsights_sitenote_active":false,"_monsterinsights_sitenote_note":"","_monsterinsights_sitenote_category":0},"categories":[5],"tags":[],"_links":{"self":[{"href":"https:\/\/intezet.josz.org\/index.php\/wp-json\/wp\/v2\/posts\/1778"}],"collection":[{"href":"https:\/\/intezet.josz.org\/index.php\/wp-json\/wp\/v2\/posts"}],"about":[{"href":"https:\/\/intezet.josz.org\/index.php\/wp-json\/wp\/v2\/types\/post"}],"author":[{"embeddable":true,"href":"https:\/\/intezet.josz.org\/index.php\/wp-json\/wp\/v2\/users\/2"}],"replies":[{"embeddable":true,"href":"https:\/\/intezet.josz.org\/index.php\/wp-json\/wp\/v2\/comments?post=1778"}],"version-history":[{"count":1,"href":"https:\/\/intezet.josz.org\/index.php\/wp-json\/wp\/v2\/posts\/1778\/revisions"}],"predecessor-version":[{"id":1780,"href":"https:\/\/intezet.josz.org\/index.php\/wp-json\/wp\/v2\/posts\/1778\/revisions\/1780"}],"wp:featuredmedia":[{"embeddable":true,"href":"https:\/\/intezet.josz.org\/index.php\/wp-json\/wp\/v2\/media\/1779"}],"wp:attachment":[{"href":"https:\/\/intezet.josz.org\/index.php\/wp-json\/wp\/v2\/media?parent=1778"}],"wp:term":[{"taxonomy":"category","embeddable":true,"href":"https:\/\/intezet.josz.org\/index.php\/wp-json\/wp\/v2\/categories?post=1778"},{"taxonomy":"post_tag","embeddable":true,"href":"https:\/\/intezet.josz.org\/index.php\/wp-json\/wp\/v2\/tags?post=1778"}],"curies":[{"name":"wp","href":"https:\/\/api.w.org\/{rel}","templated":true}]}}