{"id":1457,"date":"2024-06-15T08:22:12","date_gmt":"2024-06-15T08:22:12","guid":{"rendered":"http:\/\/intezet.josz.org\/?p=1457"},"modified":"2024-06-15T08:22:12","modified_gmt":"2024-06-15T08:22:12","slug":"a-digitalis-piacok-adatvedelmi-versenyjogi-megkozelitesenek-kihivasai-es-lehetosegei-magyarorszagon","status":"publish","type":"post","link":"https:\/\/intezet.josz.org\/index.php\/2024\/06\/15\/a-digitalis-piacok-adatvedelmi-versenyjogi-megkozelitesenek-kihivasai-es-lehetosegei-magyarorszagon\/","title":{"rendered":"A digit\u00e1lis piacok adatv\u00e9delmi \u2013 versenyjogi megk\u00f6zel\u00edt\u00e9s\u00e9nek kih\u00edv\u00e1sai \u00e9s lehet\u0151s\u00e9gei Magyarorsz\u00e1gon"},"content":{"rendered":"\n<p>A napokban online form\u00e1ban is el\u00e9rhet\u0151v\u00e9 v\u00e1lik a J\u00d6Sz Int\u00e9zet els\u0151, \u00f6n\u00e1ll\u00f3 kiad\u00e1sban megjelen\u0151 tanulm\u00e1nyk\u00f6tete, a &#8220;A digit\u00e1lis piacok adatv\u00e9delmi \u2013 versenyjogi megk\u00f6zel\u00edt\u00e9s\u00e9nek kih\u00edv\u00e1sai \u00e9s lehet\u0151s\u00e9gei Magyarorsz\u00e1gon&#8221; c\u00edm\u0171 k\u00f6tet, melyben h\u00e1rom kiv\u00e1l\u00f3 int\u00e9zeti kutat\u00f3nk, Major Fruzsina, P\u00e1szt\u00e9lyi Emese \u00e9s Teleki L\u00f3r\u00e1nt osztja meg a gondolatait a t\u00e9m\u00e1ban. A k\u00f6tet szerkeszt\u0151je Koll\u00e1th Mih\u00e1ly G\u00e1bor.<\/p>\n\n\n\n<p>J\u00f3 sz\u00edvvel aj\u00e1nljuk mindenki figyelm\u00e9be a J\u00d6Sz Int\u00e9zet Versenyjogi Kutat\u00f3csoportj\u00e1nak els\u0151 kiadv\u00e1ny\u00e1t!<\/p>\n","protected":false},"excerpt":{"rendered":"<p>A napokban online form\u00e1ban is el\u00e9rhet\u0151v\u00e9 v\u00e1lik a J\u00d6Sz Int\u00e9zet els\u0151, \u00f6n\u00e1ll\u00f3 kiad\u00e1sban megjelen\u0151 tanulm\u00e1nyk\u00f6tete, a &#8220;A digit\u00e1lis piacok adatv\u00e9delmi \u2013 versenyjogi megk\u00f6zel\u00edt\u00e9s\u00e9nek kih\u00edv\u00e1sai \u00e9s lehet\u0151s\u00e9gei Magyarorsz\u00e1gon&#8221; c\u00edm\u0171 k\u00f6tet, melyben h\u00e1rom kiv\u00e1l\u00f3 int\u00e9zeti kutat\u00f3nk, Major Fruzsina, P\u00e1szt\u00e9lyi Emese \u00e9s Teleki L\u00f3r\u00e1nt osztja meg a gondolatait a t\u00e9m\u00e1ban. A k\u00f6tet szerkeszt\u0151je Koll\u00e1th Mih\u00e1ly G\u00e1bor. J\u00f3 sz\u00edvvel aj\u00e1nljuk mindenki figyelm\u00e9be a J\u00d6Sz [&hellip;]<\/p>\n","protected":false},"author":2,"featured_media":1458,"comment_status":"closed","ping_status":"open","sticky":false,"template":"","format":"standard","meta":{"_monsterinsights_skip_tracking":false,"_monsterinsights_sitenote_active":false,"_monsterinsights_sitenote_note":"","_monsterinsights_sitenote_category":0},"categories":[6],"tags":[],"_links":{"self":[{"href":"https:\/\/intezet.josz.org\/index.php\/wp-json\/wp\/v2\/posts\/1457"}],"collection":[{"href":"https:\/\/intezet.josz.org\/index.php\/wp-json\/wp\/v2\/posts"}],"about":[{"href":"https:\/\/intezet.josz.org\/index.php\/wp-json\/wp\/v2\/types\/post"}],"author":[{"embeddable":true,"href":"https:\/\/intezet.josz.org\/index.php\/wp-json\/wp\/v2\/users\/2"}],"replies":[{"embeddable":true,"href":"https:\/\/intezet.josz.org\/index.php\/wp-json\/wp\/v2\/comments?post=1457"}],"version-history":[{"count":1,"href":"https:\/\/intezet.josz.org\/index.php\/wp-json\/wp\/v2\/posts\/1457\/revisions"}],"predecessor-version":[{"id":1459,"href":"https:\/\/intezet.josz.org\/index.php\/wp-json\/wp\/v2\/posts\/1457\/revisions\/1459"}],"wp:featuredmedia":[{"embeddable":true,"href":"https:\/\/intezet.josz.org\/index.php\/wp-json\/wp\/v2\/media\/1458"}],"wp:attachment":[{"href":"https:\/\/intezet.josz.org\/index.php\/wp-json\/wp\/v2\/media?parent=1457"}],"wp:term":[{"taxonomy":"category","embeddable":true,"href":"https:\/\/intezet.josz.org\/index.php\/wp-json\/wp\/v2\/categories?post=1457"},{"taxonomy":"post_tag","embeddable":true,"href":"https:\/\/intezet.josz.org\/index.php\/wp-json\/wp\/v2\/tags?post=1457"}],"curies":[{"name":"wp","href":"https:\/\/api.w.org\/{rel}","templated":true}]}}