{"id":1437,"date":"2024-04-26T12:41:00","date_gmt":"2024-04-26T12:41:00","guid":{"rendered":"http:\/\/intezet.josz.org\/?p=1437"},"modified":"2024-06-09T12:54:26","modified_gmt":"2024-06-09T12:54:26","slug":"kollath-mihaly-gabor-eloadasa-a-kozszolgaltatok-egyesuletenek-eves-konferenciajan","status":"publish","type":"post","link":"https:\/\/intezet.josz.org\/index.php\/2024\/04\/26\/kollath-mihaly-gabor-eloadasa-a-kozszolgaltatok-egyesuletenek-eves-konferenciajan\/","title":{"rendered":"Koll\u00e1th Mih\u00e1ly G\u00e1bor el\u0151ad\u00e1sa a K\u00f6zszolg\u00e1ltat\u00f3k Egyes\u00fclet\u00e9nek \u00e9ves konferenci\u00e1j\u00e1n"},"content":{"rendered":"\n<p>2024. \u00e1prilis 9. napj\u00e1n Int\u00e9zet\u00fcnk f\u0151igazgat\u00f3ja, Dr. Koll\u00e1th Mih\u00e1ly G\u00e1bor a Magyar K\u00f6zszolg\u00e1ltat\u00f3k Egyes\u00fclet\u00e9nek \u00e9ves konferenci\u00e1j\u00e1n adhatott el\u0151 a telep\u00fcl\u00e9sszolg\u00e1ltat\u00e1s hazai vezet\u0151inek a mesters\u00e9ges intelligencia m\u0171k\u00f6d\u00e9s\u00e9r\u0151l, az AI v\u00e1llalati k\u00f6rnyezetben t\u00f6rt\u00e9n\u0151 alkalmazhat\u00f3s\u00e1g\u00e1r\u00f3l.<\/p>\n","protected":false},"excerpt":{"rendered":"<p>2024. \u00e1prilis 9. napj\u00e1n Int\u00e9zet\u00fcnk f\u0151igazgat\u00f3ja, Dr. Koll\u00e1th Mih\u00e1ly G\u00e1bor a Magyar K\u00f6zszolg\u00e1ltat\u00f3k Egyes\u00fclet\u00e9nek \u00e9ves konferenci\u00e1j\u00e1n adhatott el\u0151 a telep\u00fcl\u00e9sszolg\u00e1ltat\u00e1s hazai vezet\u0151inek a mesters\u00e9ges intelligencia m\u0171k\u00f6d\u00e9s\u00e9r\u0151l, az AI v\u00e1llalati k\u00f6rnyezetben t\u00f6rt\u00e9n\u0151 alkalmazhat\u00f3s\u00e1g\u00e1r\u00f3l.<\/p>\n","protected":false},"author":2,"featured_media":1439,"comment_status":"closed","ping_status":"open","sticky":false,"template":"","format":"standard","meta":{"_monsterinsights_skip_tracking":false,"_monsterinsights_sitenote_active":false,"_monsterinsights_sitenote_note":"","_monsterinsights_sitenote_category":0},"categories":[9],"tags":[],"_links":{"self":[{"href":"https:\/\/intezet.josz.org\/index.php\/wp-json\/wp\/v2\/posts\/1437"}],"collection":[{"href":"https:\/\/intezet.josz.org\/index.php\/wp-json\/wp\/v2\/posts"}],"about":[{"href":"https:\/\/intezet.josz.org\/index.php\/wp-json\/wp\/v2\/types\/post"}],"author":[{"embeddable":true,"href":"https:\/\/intezet.josz.org\/index.php\/wp-json\/wp\/v2\/users\/2"}],"replies":[{"embeddable":true,"href":"https:\/\/intezet.josz.org\/index.php\/wp-json\/wp\/v2\/comments?post=1437"}],"version-history":[{"count":2,"href":"https:\/\/intezet.josz.org\/index.php\/wp-json\/wp\/v2\/posts\/1437\/revisions"}],"predecessor-version":[{"id":1441,"href":"https:\/\/intezet.josz.org\/index.php\/wp-json\/wp\/v2\/posts\/1437\/revisions\/1441"}],"wp:featuredmedia":[{"embeddable":true,"href":"https:\/\/intezet.josz.org\/index.php\/wp-json\/wp\/v2\/media\/1439"}],"wp:attachment":[{"href":"https:\/\/intezet.josz.org\/index.php\/wp-json\/wp\/v2\/media?parent=1437"}],"wp:term":[{"taxonomy":"category","embeddable":true,"href":"https:\/\/intezet.josz.org\/index.php\/wp-json\/wp\/v2\/categories?post=1437"},{"taxonomy":"post_tag","embeddable":true,"href":"https:\/\/intezet.josz.org\/index.php\/wp-json\/wp\/v2\/tags?post=1437"}],"curies":[{"name":"wp","href":"https:\/\/api.w.org\/{rel}","templated":true}]}}