{"id":1303,"date":"2023-09-15T22:58:00","date_gmt":"2023-09-15T22:58:00","guid":{"rendered":"http:\/\/intezet.josz.org\/?p=1303"},"modified":"2023-10-07T08:31:39","modified_gmt":"2023-10-07T08:31:39","slug":"elindult-az-energia-akademia","status":"publish","type":"post","link":"https:\/\/intezet.josz.org\/index.php\/2023\/09\/15\/elindult-az-energia-akademia\/","title":{"rendered":"Elindult az Energia Akad\u00e9mia"},"content":{"rendered":"\n<p>A mai napon elindult a J\u00d6Sz Int\u00e9zet, a MOL \u00e9s az MVM \u00e1ltal szervezett Energia Akad\u00e9mia. A t\u00f6bbsz\u00f6r\u00f6s t\u00faljelentkez\u00e9ssel indul\u00f3, \u00f6sszesen 45 \u00f3r\u00e1s, ingyenes, tan\u00fas\u00edtv\u00e1nyt ad\u00f3 feln\u0151ttk\u00e9pz\u00e9s keret\u00e9ben a hallgat\u00f3k elsaj\u00edt\u00e1thatj\u00e1k az energiajog elm\u00e9leti \u00e9s gyakorlati ismeretanyag\u00e1t, az energiaszektor szervez\u00e9si ismereteit, k\u00f6zgazdas\u00e1gtani \u00e9s m\u0171szaki alapjait. <\/p>\n\n\n\n<p>Az els\u0151 k\u00e9pz\u00e9si napon Koll\u00e1th Mih\u00e1ly G\u00e1bor, a J\u00d6Sz Int\u00e9zet f\u0151igazgat\u00f3j\u00e1nak megnyit\u00f3ja ut\u00e1n Ugron G\u00e1sp\u00e1r, haz\u00e1nk egyik legnevesebb energetikai szakembere vezette be az \u00e9rdekl\u0151d\u0151ket a hazai \u00e9s nemzetk\u00f6zi energiaipar m\u0171k\u00f6d\u00e9s\u00e9be. A k\u00e9pz\u00e9si nap m\u00e1sodik el\u0151ad\u00e1s\u00e1n pedig Szalai \u00c1kos, a P\u00e1zm\u00e1ny P\u00e9ter Katolikus Egyetem \u00e9s a Budapesti Corvinus Egyetem oktat\u00f3ja mutatta be a h\u00e1l\u00f3zatos ipar\u00e1gak gazdas\u00e1gtan\u00e1t, \u00e9s adta \u00e1t a t\u00e9ma ismeret\u00e9hez sz\u00fcks\u00e9ges alapvet\u0151 k\u00f6zgazdas\u00e1gtani ismereteket.<\/p>\n\n\n\n<figure class=\"wp-block-image size-large\"><img loading=\"lazy\" width=\"1024\" height=\"1024\" src=\"https:\/\/intezet.josz.org\/wp-content\/uploads\/2023\/10\/374209866_621448903537341_2440633624134338986_n-2-1024x1024.jpg\" alt=\"\" class=\"wp-image-1304\" srcset=\"https:\/\/intezet.josz.org\/wp-content\/uploads\/2023\/10\/374209866_621448903537341_2440633624134338986_n-2-1024x1024.jpg 1024w, https:\/\/intezet.josz.org\/wp-content\/uploads\/2023\/10\/374209866_621448903537341_2440633624134338986_n-2-300x300.jpg 300w, https:\/\/intezet.josz.org\/wp-content\/uploads\/2023\/10\/374209866_621448903537341_2440633624134338986_n-2-150x150.jpg 150w, https:\/\/intezet.josz.org\/wp-content\/uploads\/2023\/10\/374209866_621448903537341_2440633624134338986_n-2-768x768.jpg 768w, https:\/\/intezet.josz.org\/wp-content\/uploads\/2023\/10\/374209866_621448903537341_2440633624134338986_n-2-1536x1536.jpg 1536w, https:\/\/intezet.josz.org\/wp-content\/uploads\/2023\/10\/374209866_621448903537341_2440633624134338986_n-2.jpg 2048w\" sizes=\"(max-width: 1024px) 100vw, 1024px\" \/><\/figure>\n","protected":false},"excerpt":{"rendered":"<p>A mai napon elindult a J\u00d6Sz Int\u00e9zet, a MOL \u00e9s az MVM \u00e1ltal szervezett Energia Akad\u00e9mia. A t\u00f6bbsz\u00f6r\u00f6s t\u00faljelentkez\u00e9ssel indul\u00f3, \u00f6sszesen 45 \u00f3r\u00e1s, ingyenes, tan\u00fas\u00edtv\u00e1nyt ad\u00f3 feln\u0151ttk\u00e9pz\u00e9s keret\u00e9ben a hallgat\u00f3k elsaj\u00edt\u00e1thatj\u00e1k az energiajog elm\u00e9leti \u00e9s gyakorlati ismeretanyag\u00e1t, az energiaszektor szervez\u00e9si ismereteit, k\u00f6zgazdas\u00e1gtani \u00e9s m\u0171szaki alapjait. Az els\u0151 k\u00e9pz\u00e9si napon Koll\u00e1th Mih\u00e1ly G\u00e1bor, a J\u00d6Sz Int\u00e9zet f\u0151igazgat\u00f3j\u00e1nak megnyit\u00f3ja ut\u00e1n Ugron G\u00e1sp\u00e1r, [&hellip;]<\/p>\n","protected":false},"author":2,"featured_media":1263,"comment_status":"closed","ping_status":"open","sticky":false,"template":"","format":"standard","meta":{"_monsterinsights_skip_tracking":false,"_monsterinsights_sitenote_active":false,"_monsterinsights_sitenote_note":"","_monsterinsights_sitenote_category":0},"categories":[10],"tags":[],"_links":{"self":[{"href":"https:\/\/intezet.josz.org\/index.php\/wp-json\/wp\/v2\/posts\/1303"}],"collection":[{"href":"https:\/\/intezet.josz.org\/index.php\/wp-json\/wp\/v2\/posts"}],"about":[{"href":"https:\/\/intezet.josz.org\/index.php\/wp-json\/wp\/v2\/types\/post"}],"author":[{"embeddable":true,"href":"https:\/\/intezet.josz.org\/index.php\/wp-json\/wp\/v2\/users\/2"}],"replies":[{"embeddable":true,"href":"https:\/\/intezet.josz.org\/index.php\/wp-json\/wp\/v2\/comments?post=1303"}],"version-history":[{"count":2,"href":"https:\/\/intezet.josz.org\/index.php\/wp-json\/wp\/v2\/posts\/1303\/revisions"}],"predecessor-version":[{"id":1306,"href":"https:\/\/intezet.josz.org\/index.php\/wp-json\/wp\/v2\/posts\/1303\/revisions\/1306"}],"wp:featuredmedia":[{"embeddable":true,"href":"https:\/\/intezet.josz.org\/index.php\/wp-json\/wp\/v2\/media\/1263"}],"wp:attachment":[{"href":"https:\/\/intezet.josz.org\/index.php\/wp-json\/wp\/v2\/media?parent=1303"}],"wp:term":[{"taxonomy":"category","embeddable":true,"href":"https:\/\/intezet.josz.org\/index.php\/wp-json\/wp\/v2\/categories?post=1303"},{"taxonomy":"post_tag","embeddable":true,"href":"https:\/\/intezet.josz.org\/index.php\/wp-json\/wp\/v2\/tags?post=1303"}],"curies":[{"name":"wp","href":"https:\/\/api.w.org\/{rel}","templated":true}]}}