{"id":1272,"date":"2023-09-05T15:20:40","date_gmt":"2023-09-05T15:20:40","guid":{"rendered":"http:\/\/intezet.josz.org\/?p=1272"},"modified":"2023-09-05T15:42:06","modified_gmt":"2023-09-05T15:42:06","slug":"josz-energia-akademia","status":"publish","type":"post","link":"https:\/\/intezet.josz.org\/index.php\/2023\/09\/05\/josz-energia-akademia\/","title":{"rendered":"J\u00d6Sz Energia Akad\u00e9mia"},"content":{"rendered":"\n<p>Az elm\u00falt id\u0151szakban robban\u00e1sszer\u0171en n\u0151tt az energiaszektor jelent\u0151s\u00e9ge, \u00e9s e jogter\u00fclet k\u00e9pz\u00e9sbeli hi\u00e1nyoss\u00e1ga h\u00edvta \u00e9letre az Energia Akad\u00e9mi\u00e1t. A MOL \u00e9s az MVM, mint piacvezet\u0151 szerepl\u0151k k\u00f6zrem\u0171k\u00f6d\u00e9s\u00e9vel, a J\u00d6Sz Int\u00e9zet szervez\u00e9s\u00e9ben val\u00f3sul meg haz\u00e1nkban ez az innovat\u00edv, egyed\u00fcl\u00e1ll\u00f3 k\u00e9pz\u00e9s, melynek c\u00e9lja az energiajog ter\u00fclet\u00e9n \u00e1tfog\u00f3 elm\u00e9leti \u00e9s gyakorlati tud\u00e1s \u00e1tad\u00e1sa a joghallgat\u00f3knak \u00e9s p\u00e1lyakezd\u0151 jog\u00e1szoknak.&nbsp;<\/p>\n\n\n\n<p>Exkluz\u00edv lehet\u0151s\u00e9g tanulni a legnevesebb hazai, ill. k\u00fclf\u00f6ldi oktat\u00f3kt\u00f3l, \u00fcgyv\u00e9dekt\u0151l, \u00e9s az energiapiac gyakorlott szakembereit\u0151l, szab\u00e1lyoz\u00f3 hat\u00f3s\u00e1gok k\u00e9pvisel\u0151it\u0151l.&nbsp;<\/p>\n\n\n\n<p>K\u00e9pz\u00e9s\u00fcnk d\u00edjtalan, k\u00e9t heti rendszeress\u00e9ggel, \u00f6sszesen 10 alkalommal, p\u00e9ntek d\u00e9lut\u00e1n \u00e9s szombat d\u00e9lel\u0151tt ker\u00fcl megrendez\u00e9sre. A szem\u00e9lyes r\u00e9szv\u00e9tel \u00e9s az angol nyelvtud\u00e1s felt\u00e9tel.&nbsp;&nbsp;<\/p>\n\n\n\n<p>A k\u00e9pz\u00e9sen r\u00e9sztvev\u0151k sz\u00e9lesk\u00f6r\u0171 tud\u00e1ssal gazdagodnak, valamint a legjobban teljes\u00edt\u0151 hallgat\u00f3k lehet\u0151s\u00e9get kapnak haz\u00e1nk vezet\u0151 energetikai v\u00e1llalatain\u00e1l elhelyezkedni.\u00a0A kurzus teljes\u00edt\u00e9s\u00e9r\u0151l a J\u00d6Sz tan\u00fas\u00edtv\u00e1nyt \u00e1ll\u00edt ki.<\/p>\n\n\n\n<p><a href=\"https:\/\/intezet.josz.org\/index.php\/josz-energia-akademia\/\"><strong>Tov\u00e1bbi inform\u00e1ci\u00f3k ide kattintva \u00e9rhet\u0151ek el.<\/strong><\/a><\/p>\n","protected":false},"excerpt":{"rendered":"<p>Az elm\u00falt id\u0151szakban robban\u00e1sszer\u0171en n\u0151tt az energiaszektor jelent\u0151s\u00e9ge, \u00e9s e jogter\u00fclet k\u00e9pz\u00e9sbeli hi\u00e1nyoss\u00e1ga h\u00edvta \u00e9letre az Energia Akad\u00e9mi\u00e1t. A MOL \u00e9s az MVM, mint piacvezet\u0151 szerepl\u0151k k\u00f6zrem\u0171k\u00f6d\u00e9s\u00e9vel, a J\u00d6Sz Int\u00e9zet szervez\u00e9s\u00e9ben val\u00f3sul meg haz\u00e1nkban ez az innovat\u00edv, egyed\u00fcl\u00e1ll\u00f3 k\u00e9pz\u00e9s, melynek c\u00e9lja az energiajog ter\u00fclet\u00e9n \u00e1tfog\u00f3 elm\u00e9leti \u00e9s gyakorlati tud\u00e1s \u00e1tad\u00e1sa a joghallgat\u00f3knak \u00e9s p\u00e1lyakezd\u0151 jog\u00e1szoknak.&nbsp; Exkluz\u00edv lehet\u0151s\u00e9g tanulni a legnevesebb [&hellip;]<\/p>\n","protected":false},"author":2,"featured_media":1263,"comment_status":"closed","ping_status":"open","sticky":false,"template":"","format":"standard","meta":{"_monsterinsights_skip_tracking":false,"_monsterinsights_sitenote_active":false,"_monsterinsights_sitenote_note":"","_monsterinsights_sitenote_category":0},"categories":[1],"tags":[],"_links":{"self":[{"href":"https:\/\/intezet.josz.org\/index.php\/wp-json\/wp\/v2\/posts\/1272"}],"collection":[{"href":"https:\/\/intezet.josz.org\/index.php\/wp-json\/wp\/v2\/posts"}],"about":[{"href":"https:\/\/intezet.josz.org\/index.php\/wp-json\/wp\/v2\/types\/post"}],"author":[{"embeddable":true,"href":"https:\/\/intezet.josz.org\/index.php\/wp-json\/wp\/v2\/users\/2"}],"replies":[{"embeddable":true,"href":"https:\/\/intezet.josz.org\/index.php\/wp-json\/wp\/v2\/comments?post=1272"}],"version-history":[{"count":1,"href":"https:\/\/intezet.josz.org\/index.php\/wp-json\/wp\/v2\/posts\/1272\/revisions"}],"predecessor-version":[{"id":1273,"href":"https:\/\/intezet.josz.org\/index.php\/wp-json\/wp\/v2\/posts\/1272\/revisions\/1273"}],"wp:featuredmedia":[{"embeddable":true,"href":"https:\/\/intezet.josz.org\/index.php\/wp-json\/wp\/v2\/media\/1263"}],"wp:attachment":[{"href":"https:\/\/intezet.josz.org\/index.php\/wp-json\/wp\/v2\/media?parent=1272"}],"wp:term":[{"taxonomy":"category","embeddable":true,"href":"https:\/\/intezet.josz.org\/index.php\/wp-json\/wp\/v2\/categories?post=1272"},{"taxonomy":"post_tag","embeddable":true,"href":"https:\/\/intezet.josz.org\/index.php\/wp-json\/wp\/v2\/tags?post=1272"}],"curies":[{"name":"wp","href":"https:\/\/api.w.org\/{rel}","templated":true}]}}